{"id":233583,"date":"2020-05-22T17:34:24","date_gmt":"2020-05-22T15:34:24","guid":{"rendered":"https:\/\/www.aflahaye.nl\/?p=233583"},"modified":"2020-05-22T17:50:45","modified_gmt":"2020-05-22T15:50:45","slug":"carte-blanche-a-clementine-latron","status":"publish","type":"post","link":"https:\/\/www.aflahaye.nl\/en\/carte-blanche-a-clementine-latron\/","title":{"rendered":"Carte Blanche \u00e0 Cl\u00e9mentine Latron"},"content":{"rendered":"<div class=\"wpb-content-wrapper\"><p>[vc_row][vc_column width=&#8221;1\/4&#8243;][vc_single_image image=&#8221;233584&#8243; img_size=&#8221;medium&#8221; alignment=&#8221;center&#8221;][\/vc_column][vc_column width=&#8221;3\/4&#8243;][vc_column_text]<\/p>\n<h1 align=\"center\">Carte Blanche \u00e0 Cl\u00e9mentine Latron\u00a0<\/h1>\n<p>[\/vc_column_text][\/vc_column][\/vc_row][vc_row][vc_column width=&#8221;2\/3&#8243;][vc_column_text]<\/p>\n<p>&nbsp;<\/p>\n<p>&nbsp;<\/p>\n<p>Connaissez-vous cette illustratrice qui croque avec talent la vie des expats sur le blog de Courrier international ?<\/p>\n<p>&nbsp;<\/p>\n<p>[\/vc_column_text][\/vc_column][vc_column width=&#8221;1\/3&#8243;][vc_single_image image=&#8221;233602&#8243; img_size=&#8221;medium&#8221; alignment=&#8221;center&#8221;][\/vc_column][\/vc_row][vc_row][vc_column width=&#8221;1\/3&#8243;][vc_single_image image=&#8221;233605&#8243; img_size=&#8221;medium&#8221; alignment=&#8221;center&#8221;][\/vc_column][vc_column width=&#8221;2\/3&#8243;][vc_column_text]<\/p>\n<p>&nbsp;<\/p>\n<p>&nbsp;<\/p>\n<p>C\u2019est \u00e0 elle \u00e9galement que nous avons eu le plaisir de confier un projet important pour nous :\u00a0<a href=\"https:\/\/www.facebook.com\/hashtag\/uneaf_uneville?__eep__=6&amp;source=feed_text&amp;epa=HASHTAG&amp;__xts__%5B0%5D=68.ARC_dh1l2jb9TPUOxbBoIvgtXSRLXyc_Lcjc8h8cix8kK8hBOVyJDnFowYlSKvyEvbQckDJ0xLXdkNz6izhppVwhzgkC3NHvB1S0l7j5JAog75IafGpxXx2cawEhg9sbhFxmzggdw5BTwgNrRP0KHrtdoKtWkyi7Obl4Kop9U4hwfsSvmLfkPnvmAJ64q0GVHe3roLzt_Jb86nwgqLBH_-NTJAA2lq2_hT3lbiA6WbLht9DFOOi4D-u0y6c2DjOUtax37GWge27hmEwGmn3NNfeBMALpMq4IL-kqj1Z6YZUW9b6uRZCtoKZ1qAATHjp_dxwi3uOvVdn9tPzUmY_Qo82CrGM8XtXza1UUVrc4k9fPrdtQVvj5uXkgjGC-dMaBtIUerrfOQHjD_MFBgP_ztPEvtcKkSNqqj4UT2epCgAgOnw0&amp;__tn__=%2ANK-R\">#uneaf_uneville<\/a>, ou 34 dessins sur les 34 villes des Pays-Bas o\u00f9 se trouve une Alliance fran\u00e7aise. <br \/>N\u2019h\u00e9sitez donc pas \u00e0 embarquer avec nous sur Instagram et sur Facebook pour un tour des Pays-Bas avec Cl\u00e9mentine Latron\u00a0\ud83d\ude0a.<\/p>\n<p>[\/vc_column_text][\/vc_column][\/vc_row][vc_row][vc_column][vc_column_text]<\/p>\n<p>Passionn\u00e9e de voyage, Cl\u00e9mentine a aussi r\u00e9cemment sorti un ouvrage illustr\u00e9 sur les expressions r\u00e9gionales fran\u00e7aises, qu\u2019elle est venue nous pr\u00e9senter lors d\u2019une rencontre d\u00e9dicace en partenariat avec Stanza Bookshop.<\/p>\n<p>Ainsi, en cette p\u00e9riode un peu particuli\u00e8re, nous avons contact\u00e9\u00a0<a href=\"https:\/\/www.facebook.com\/clementinelatronillustrations\/?__tn__=K-R&amp;eid=ARBCVPNhjnVsQXGsJThWRFUMF7Ks3V4yP0k8O-LFjWVX36PwbjabcsH_rfKH_pbQW5-CA6K3vnlwC7my&amp;fref=mentions&amp;__xts__%5B0%5D=68.ARB0rBUaRutQk6cwXZ8PSlu2omLlrG-B3dSg0XtK-SoXKlptXQgpLo2pLiYS7hjlgwO2-dagvwbSw65tYJSxUDR4eCp0nGW5febTuerogSLIxioxSlaK4GZsBVNzR7U54NS2QOELwq_GyT85O970wFS7-u0fFqxCr3p6B-hRblTTOw6i0PHHD2-aTCcHUq5YiE6AC3MDOyp3bMMP-Fi5fTBQreXA0FPIY-SFh1BSNFFI-D0vdot_PyyLi4JcpdwSPSGd1Z12CSrSPFoPpY9TCn66vtD_6gE9IRIJJwxbxB9wcymlWWRFfYUO7iOjOWckU-0AtP915XBAqT2XcaVwjAFnmOaBlng5JbrL1g\">Cl\u00e9mentine Latron &#8211; Illustrations<\/a>\u00a0en lui proposant de se pr\u00e9senter au travers de 4 questions :\u2063<\/p>\n<p>1. Si vous deviez vous pr\u00e9senter en une phrase\u00a0?<br \/>2. Une anecdote sur Les Pays-Bas ?<br \/>3. A la question pourquoi apprendre le fran\u00e7ais que r\u00e9pondriez-vous ?<br \/>4. Un artiste de r\u00e9f\u00e9rence ? et pourquoi ?<\/p>\n<p>[\/vc_column_text][\/vc_column][\/vc_row][vc_row][vc_column]<div class=\"gem-button-container gem-button-position-fullwidth thegem-button-69f4632141fa03683    \"  ><a class=\"gem-button gem-button-size-small gem-button-style-outline gem-button-text-weight-normal gem-button-border-2 gem-button-icon-position-left\" data-ll-effect=\"drop-right-without-wrap\" style=\"border-radius: 3px;\" onmouseleave=\"\" onmouseenter=\"\" href=\"https:\/\/www.youtube.com\/watch?v=lsEnPx5-dxU\" target=\"_self\"><i class=\"gem-print-icon gem-icon-pack-elegant \">&#xe0a3;<\/i>On vous laisse le plaisir de d\u00e9couvrir ses r\u00e9ponses ! <\/a><\/div> [\/vc_column][\/vc_row][vc_row][vc_column width=&#8221;1\/4&#8243;][vc_single_image image=&#8221;233611&#8243; img_size=&#8221;medium&#8221;][\/vc_column][vc_column width=&#8221;1\/2&#8243;][vc_column_text]<\/p>\n<p>&nbsp;<\/p>\n<p>On en profite pour vous faire d\u00e9couvrir, ou red\u00e9couvrir, son travail :<\/p>\n<ul>\n<li>Son premier ouvrage : \u00ab Le tour de France des expressions r\u00e9gionales \u2013 et vous quel fran\u00e7ais parlez-vous ?\u00bb paru chez First Editions et commandable chez <a href=\"https:\/\/www.stanzabookshop.com\/\">Stanza Bookshop<\/a>.<\/li>\n<li>Son site internet \/ Portofolio avec un seul lien \u00e0 retenir: <a href=\"http:\/\/www.clementinelatron.com\/\">www.clementinelatron.com\/<\/a><\/li>\n<\/ul>\n<p>[\/vc_column_text][\/vc_column][vc_column width=&#8221;1\/4&#8243;][vc_single_image image=&#8221;233616&#8243; img_size=&#8221;medium&#8221; alignment=&#8221;center&#8221;][\/vc_column][\/vc_row][vc_row][vc_column][vc_column_text]<\/p>\n<h1 align=\"center\">A bient\u00f4t !\u00a0<\/h1>\n<p>[\/vc_column_text][\/vc_column][\/vc_row]<\/p>\n<\/div>","protected":false},"excerpt":{"rendered":"<p>[vc_row][vc_column width=&#8221;1\/4&#8243;][vc_single_image image=&#8221;233584&#8243; img_size=&#8221;medium&#8221; alignment=&#8221;center&#8221;][\/vc_column][vc_column width=&#8221;3\/4&#8243;][vc_column_text] Carte Blanche \u00e0 Cl\u00e9mentine Latron\u00a0 [\/vc_column_text][\/vc_column][\/vc_row][vc_row][vc_column width=&#8221;2\/3&#8243;][vc_column_text] &nbsp; &nbsp; Connaissez-vous cette illustratrice qui croque&#8230;<\/p>\n","protected":false},"author":1,"featured_media":233584,"comment_status":"closed","ping_status":"closed","sticky":false,"template":"","format":"standard","meta":{"_jetpack_memberships_contains_paid_content":false,"footnotes":""},"categories":[1],"tags":[],"class_list":{"0":"post-233583","1":"post","2":"type-post","3":"status-publish","4":"format-standard","5":"has-post-thumbnail","7":"category-non-classifiee"},"jetpack_featured_media_url":"https:\/\/www.aflahaye.nl\/wp-content\/uploads\/2020\/05\/CB-1-CL-Post-1-01-1-scaled.jpg","jetpack_sharing_enabled":true,"menu_order":0,"_links":{"self":[{"href":"https:\/\/www.aflahaye.nl\/en\/wp-json\/wp\/v2\/posts\/233583","targetHints":{"allow":["GET"]}}],"collection":[{"href":"https:\/\/www.aflahaye.nl\/en\/wp-json\/wp\/v2\/posts"}],"about":[{"href":"https:\/\/www.aflahaye.nl\/en\/wp-json\/wp\/v2\/types\/post"}],"author":[{"embeddable":true,"href":"https:\/\/www.aflahaye.nl\/en\/wp-json\/wp\/v2\/users\/1"}],"replies":[{"embeddable":true,"href":"https:\/\/www.aflahaye.nl\/en\/wp-json\/wp\/v2\/comments?post=233583"}],"version-history":[{"count":0,"href":"https:\/\/www.aflahaye.nl\/en\/wp-json\/wp\/v2\/posts\/233583\/revisions"}],"wp:featuredmedia":[{"embeddable":true,"href":"https:\/\/www.aflahaye.nl\/en\/wp-json\/wp\/v2\/media\/233584"}],"wp:attachment":[{"href":"https:\/\/www.aflahaye.nl\/en\/wp-json\/wp\/v2\/media?parent=233583"}],"wp:term":[{"taxonomy":"category","embeddable":true,"href":"https:\/\/www.aflahaye.nl\/en\/wp-json\/wp\/v2\/categories?post=233583"},{"taxonomy":"post_tag","embeddable":true,"href":"https:\/\/www.aflahaye.nl\/en\/wp-json\/wp\/v2\/tags?post=233583"}],"curies":[{"name":"wp","href":"https:\/\/api.w.org\/{rel}","templated":true}]}}