{"id":460896,"date":"2021-02-02T17:23:00","date_gmt":"2021-02-02T15:23:00","guid":{"rendered":"https:\/\/www.aflahaye.nl\/?p=460896"},"modified":"2024-12-06T12:00:27","modified_gmt":"2024-12-06T11:00:27","slug":"katherine-pancol-et-anne-boudart-lentretien","status":"publish","type":"post","link":"https:\/\/www.aflahaye.nl\/en\/katherine-pancol-et-anne-boudart-lentretien\/","title":{"rendered":"Katherine Pancol et Anne Boudart : l&#8217;entretien"},"content":{"rendered":"\n<div class=\"wp-block-image\"><figure class=\"alignleft size-large is-resized\"><img src=\"https:\/\/www.aflahaye.nl\/wp-content\/uploads\/2021\/01\/event-1024x536.jpg\" alt=\"\" class=\"wp-image-460900\" width=\"609\" height=\"318\" srcset=\"https:\/\/www.aflahaye.nl\/wp-content\/uploads\/2021\/01\/event-1024x536.jpg 1024w, https:\/\/www.aflahaye.nl\/wp-content\/uploads\/2021\/01\/event-600x314.jpg 600w, https:\/\/www.aflahaye.nl\/wp-content\/uploads\/2021\/01\/event-300x157.jpg 300w, https:\/\/www.aflahaye.nl\/wp-content\/uploads\/2021\/01\/event-768x402.jpg 768w, https:\/\/www.aflahaye.nl\/wp-content\/uploads\/2021\/01\/event-1536x804.jpg 1536w, https:\/\/www.aflahaye.nl\/wp-content\/uploads\/2021\/01\/event-168x88-168x88.jpg 168w, https:\/\/www.aflahaye.nl\/wp-content\/uploads\/2021\/01\/event-276x144.jpg 276w, https:\/\/www.aflahaye.nl\/wp-content\/uploads\/2021\/01\/event.jpg 1920w\" sizes=\"(max-width: 609px) 100vw, 609px\" \/><\/figure><\/div>\n\n\n\n<p>L\u2019Alliance fran\u00e7aise de la Haye, l\u2019Accueil de la Haye et la librairie internationale Stanza sont heureux de vous proposer un \u00e9v\u00e8nement exceptionnel : un \u00e9change en ligne entre Katherine Pancol et Anne Boudart, l\u2019illustratrice de son dernier livre \u00ab Eug\u00e8ne et moi \u00bb.Cette rencontre centr\u00e9e sur la collaboration entre l\u2019\u00e9crivaine et l\u2019artiste sera guid\u00e9e par Marie Masi, responsable du rayon fran\u00e7ais chez Stanza, et suivie d\u2019un \u00e9change en ligne avec les spectateurs.<\/p>\n\n\n\n<p>Remplissez le formulaire pour avoir votre exemplaire d\u00e9dicac\u00e9 d\u2019\u00ab Eug\u00e8ne et moi \u00bb par Anne Boudart (\u00e0 venir chercher \u00e0 la librairie Stanza ou frais de livraison \u00e0 ajouter \u00e0 la commande) :&nbsp;<a rel=\"noreferrer noopener\" href=\"https:\/\/docs.google.com\/forms\/d\/e\/1FAIpQLSc5rGs_H1RAg07LJoMHtyXhniA70DNPjoP1cSWZSRt9s5hXew\/viewform?fbclid=IwAR32rdPs89jB9JVa7JjQZIOLWJf-uFQbKrP99UPKr3uSVdSHTNWYX0MzlzY\" target=\"_blank\">https:\/\/docs.google.com\/&#8230;\/1FAIpQLSc5rGs&#8230;\/viewform<\/a><\/p>\n\n\n\n<p>Le livre \u00ab Eug\u00e8ne et moi \u00bb est d\u00e9j\u00e0 disponible \u00e0 la librairie Stanza , tout comme les pr\u00e9c\u00e9dents opus de Katherine Pancol et Anne Boudart.<\/p>\n\n\n\n<p>Assistez \u00e0 la rencontre en cliquant ici : <a href=\"https:\/\/teams.microsoft.com\/l\/meetup-join\/19%3ameeting_MGI3MTNkMWItNzE5Yi00Mzk0LTlmNDQtNmExZGU5Njg4ZGYz%40thread.v2\/0?context=%7b%22Tid%22%3a%22754c560a-81c5-43c4-892c-26f1fdc269ab%22%2c%22Oid%22%3a%22e57c9f54-4559-4ed6-86b3-6da45e7faef7%22%7d\">https:\/\/teams.microsoft.com\/l\/meetup-join\/19%3ameeting_MGI3MTNkMWItNzE5Yi00Mzk0LTlmNDQtNmExZGU5Njg4ZGYz%40thread.v2\/0?context=%7b%22Tid%22%3a%22754c560a-81c5-43c4-892c-26f1fdc269ab%22%2c%22Oid%22%3a%22e57c9f54-4559-4ed6-86b3-6da45e7faef7%22%7d<\/a><\/p>\n","protected":false},"excerpt":{"rendered":"<p>L\u2019Alliance fran\u00e7aise de la Haye, l\u2019Accueil de la Haye et la librairie internationale Stanza sont heureux de vous proposer un&#8230;<\/p>\n","protected":false},"author":1,"featured_media":460909,"comment_status":"closed","ping_status":"closed","sticky":false,"template":"","format":"standard","meta":{"_jetpack_memberships_contains_paid_content":false,"footnotes":""},"categories":[2421],"tags":[],"class_list":{"0":"post-460896","1":"post","2":"type-post","3":"status-publish","4":"format-standard","5":"has-post-thumbnail","7":"category-vie-de-lalliance"},"jetpack_featured_media_url":"https:\/\/www.aflahaye.nl\/wp-content\/uploads\/2021\/01\/event-1.jpg","jetpack_sharing_enabled":true,"menu_order":0,"_links":{"self":[{"href":"https:\/\/www.aflahaye.nl\/en\/wp-json\/wp\/v2\/posts\/460896","targetHints":{"allow":["GET"]}}],"collection":[{"href":"https:\/\/www.aflahaye.nl\/en\/wp-json\/wp\/v2\/posts"}],"about":[{"href":"https:\/\/www.aflahaye.nl\/en\/wp-json\/wp\/v2\/types\/post"}],"author":[{"embeddable":true,"href":"https:\/\/www.aflahaye.nl\/en\/wp-json\/wp\/v2\/users\/1"}],"replies":[{"embeddable":true,"href":"https:\/\/www.aflahaye.nl\/en\/wp-json\/wp\/v2\/comments?post=460896"}],"version-history":[{"count":1,"href":"https:\/\/www.aflahaye.nl\/en\/wp-json\/wp\/v2\/posts\/460896\/revisions"}],"predecessor-version":[{"id":505637,"href":"https:\/\/www.aflahaye.nl\/en\/wp-json\/wp\/v2\/posts\/460896\/revisions\/505637"}],"wp:featuredmedia":[{"embeddable":true,"href":"https:\/\/www.aflahaye.nl\/en\/wp-json\/wp\/v2\/media\/460909"}],"wp:attachment":[{"href":"https:\/\/www.aflahaye.nl\/en\/wp-json\/wp\/v2\/media?parent=460896"}],"wp:term":[{"taxonomy":"category","embeddable":true,"href":"https:\/\/www.aflahaye.nl\/en\/wp-json\/wp\/v2\/categories?post=460896"},{"taxonomy":"post_tag","embeddable":true,"href":"https:\/\/www.aflahaye.nl\/en\/wp-json\/wp\/v2\/tags?post=460896"}],"curies":[{"name":"wp","href":"https:\/\/api.w.org\/{rel}","templated":true}]}}