{"id":506901,"date":"2025-05-07T14:42:37","date_gmt":"2025-05-07T12:42:37","guid":{"rendered":"https:\/\/www.aflahaye.nl\/?p=506901"},"modified":"2026-02-26T16:23:43","modified_gmt":"2026-02-26T15:23:43","slug":"vernissage-photo-photographic-work-hans-emeis","status":"publish","type":"post","link":"https:\/\/www.aflahaye.nl\/en\/vernissage-photo-photographic-work-hans-emeis\/","title":{"rendered":"Vernissage : Photo &#038; Photographic Work &#8211; Hans EMEIS"},"content":{"rendered":"<h1>Vernissage : Photo &amp; Photo<em>graphic<\/em> Work Hans EMEIS<\/h1>\n<div id='gallery-1' class='gallery galleryid-506901 gallery-columns-3 gallery-size-thumbnail'><figure class='gallery-item'>\n\t\t\t<div class='gallery-icon landscape'>\n\t\t\t\t<a href='https:\/\/www.aflahaye.nl\/en\/session-3-is-around-the-corner\/demo-2018-clingendael-2\/'><img width=\"150\" height=\"150\" src=\"https:\/\/www.aflahaye.nl\/wp-content\/uploads\/2025\/05\/demo-2018-clingendael-150x150.jpg\" class=\"attachment-thumbnail size-thumbnail\" alt=\"\" srcset=\"https:\/\/www.aflahaye.nl\/wp-content\/uploads\/2025\/05\/demo-2018-clingendael-150x150.jpg 150w, https:\/\/www.aflahaye.nl\/wp-content\/uploads\/2025\/05\/demo-2018-clingendael-256x256.jpg 256w, https:\/\/www.aflahaye.nl\/wp-content\/uploads\/2025\/05\/demo-2018-clingendael-300x300.jpg 300w, https:\/\/www.aflahaye.nl\/wp-content\/uploads\/2025\/05\/demo-2018-clingendael-180x180.jpg 180w\" sizes=\"(max-width: 150px) 100vw, 150px\" \/><\/a>\n\t\t\t<\/div><\/figure><figure class='gallery-item'>\n\t\t\t<div class='gallery-icon landscape'>\n\t\t\t\t<a href='https:\/\/www.aflahaye.nl\/en\/session-3-is-around-the-corner\/demo-spui-2011-2\/'><img width=\"150\" height=\"150\" src=\"https:\/\/www.aflahaye.nl\/wp-content\/uploads\/2025\/05\/demo-Spui-2011-150x150.jpg\" class=\"attachment-thumbnail size-thumbnail\" alt=\"\" srcset=\"https:\/\/www.aflahaye.nl\/wp-content\/uploads\/2025\/05\/demo-Spui-2011-150x150.jpg 150w, https:\/\/www.aflahaye.nl\/wp-content\/uploads\/2025\/05\/demo-Spui-2011-256x256.jpg 256w, https:\/\/www.aflahaye.nl\/wp-content\/uploads\/2025\/05\/demo-Spui-2011-300x300.jpg 300w, https:\/\/www.aflahaye.nl\/wp-content\/uploads\/2025\/05\/demo-Spui-2011-180x180.jpg 180w\" sizes=\"(max-width: 150px) 100vw, 150px\" \/><\/a>\n\t\t\t<\/div><\/figure><figure class='gallery-item'>\n\t\t\t<div class='gallery-icon landscape'>\n\t\t\t\t<a href='https:\/\/www.aflahaye.nl\/en\/session-3-is-around-the-corner\/demo-den-ilp-avond-2\/'><img width=\"150\" height=\"150\" src=\"https:\/\/www.aflahaye.nl\/wp-content\/uploads\/2025\/05\/demo-Den-Ilp-avond-150x150.jpg\" class=\"attachment-thumbnail size-thumbnail\" alt=\"\" srcset=\"https:\/\/www.aflahaye.nl\/wp-content\/uploads\/2025\/05\/demo-Den-Ilp-avond-150x150.jpg 150w, https:\/\/www.aflahaye.nl\/wp-content\/uploads\/2025\/05\/demo-Den-Ilp-avond-256x256.jpg 256w, https:\/\/www.aflahaye.nl\/wp-content\/uploads\/2025\/05\/demo-Den-Ilp-avond-300x300.jpg 300w, https:\/\/www.aflahaye.nl\/wp-content\/uploads\/2025\/05\/demo-Den-Ilp-avond-180x180.jpg 180w\" sizes=\"(max-width: 150px) 100vw, 150px\" \/><\/a>\n\t\t\t<\/div><\/figure>\n\t\t<\/div>\n\n<p>Pr\u00e9sent\u00e9e en mai 2025 \u00e0 l\u2019Alliance Fran\u00e7aise de \u00e0 La Haye, l\u2019exposition Photo &amp; Photo<em>graphic<\/em> Work de Hans Emeis retrace un parcours artistique riche de plus de cinquante ann\u00e9es, entre photographie, s\u00e9rigraphie et art graphique num\u00e9rique.<\/p>\n<h2>D\u00e9but de CARRI\u00c8RE<\/h2>\n<p>Hans Emeis d\u00e9bute sa carri\u00e8re de photographe dans les ann\u00e9es 1970, en se consacrant exclusivement \u00e0 la photographie argentique en noir et blanc. Pendant pr\u00e8s de trente ans, il d\u00e9veloppe ses tirages dans sa propre chambre noire, convaincu que cette ma\u00eetrise totale du processus \u00e9tait indispensable pour affirmer un style personnel. Si ses portraits \u00e9taient largement appr\u00e9ci\u00e9s et ont constitu\u00e9 une part importante de sa production, il n\u2019a jamais cess\u00e9 de chercher une voie plus aboutie dans la photographie de paysage, oscillant entre formats moyen et grand format \u00e0 la recherche de son \u00ab Ansel Adams int\u00e9rieur \u00bb.<\/p>\n<p>Le refus du tirage couleur en laboratoire l\u2019am\u00e8ne \u00e0 explorer une nouvelle voie : la s\u00e9rigraphie. Influenc\u00e9 par le pop art et l\u2019estampe japonaise, il d\u00e9couvre \u00e0 travers cette technique la possibilit\u00e9 de travailler la couleur de fa\u00e7on graphique et personnelle.<\/p>\n<p>Apr\u00e8s une pause dans sa carri\u00e8re photographique \u2013 malgr\u00e9 un passage par une \u00e9cole de photographie et la direction d\u2019un atelier de s\u00e9rigraphie pendant quinze ans \u2013 c\u2019est en 2005, lors d\u2019un voyage familial, qu\u2019il red\u00e9couvre la photographie, cette fois num\u00e9rique. L\u2019appareil photo num\u00e9rique devient un outil de libert\u00e9 : plus de contraintes horaires ou techniques, la possibilit\u00e9 de photographier \u00e0 tout moment, et surtout, celle de d\u00e9velopper son travail dans un nouveau laboratoire \u2013 num\u00e9rique cette fois \u2013 sur son Mac. Un plaisir renouvel\u00e9.<\/p>\n<p>La pand\u00e9mie de Covid-19 marque un nouveau tournant. Priv\u00e9 de libert\u00e9 de mouvement, Hans Emeis d\u00e9laisse peu \u00e0 peu la photographie documentaire pour explorer un univers plus graphique et color\u00e9. Il parle de \u00ab kitsch turbo \u00bb pour d\u00e9signer ses premi\u00e8res cr\u00e9ations num\u00e9riques aux couleurs satur\u00e9es et romantiques, avant de revenir \u00e0 un style plus \u00e9pur\u00e9, inspir\u00e9 de ses ann\u00e9es de s\u00e9rigraphie : une \u00ab post\u00e9risation \u00bb radicale, r\u00e9duisant les images \u00e0 quelques couleurs, dans une d\u00e9marche graphique assum\u00e9e.<\/p>\n<blockquote><p><span style=\"color: #ff0000;\">\u00ab Les photographes sont parfois qualifi\u00e9s de peintres paresseux \u00bb, confie-t-il avec humour. \u00ab Et en ce moment, je suis heureux d\u2019en \u00eatre un. \u00bb<\/span><\/p><\/blockquote>\n<h2>En mai a l&#8217;Alliance<\/h2>\n<p>Gr\u00e2ce \u00e0 cette exposition inaugur\u00e9e le 2 mai 2025 en pr\u00e9sence de Mme Corinne Balleix, conseill\u00e8re juridique adjointe \u00e0 l\u2019ambassade de France, le public n\u00e9erlandais a pu plonger dans cet univers vibrant o\u00f9 la photographie rencontre la s\u00e9rigraphie et l\u2019art num\u00e9rique.<\/p>\n<p>Ne manquez pas cette exposition unique, v\u00e9ritable ode \u00e0 la cr\u00e9ativit\u00e9, o\u00f9 l\u2019\u0153il du photographe dialogue avec les codes de l\u2019art graphique dans un hommage joyeux \u00e0 la couleur et \u00e0 la libert\u00e9 artistique.<\/p>\n","protected":false},"excerpt":{"rendered":"<p>Vernissage : Photo &amp; Photographic Work Hans EMEIS Pr\u00e9sent\u00e9e en mai 2025 \u00e0 l\u2019Alliance Fran\u00e7aise de \u00e0 La Haye, l\u2019exposition&#8230;<\/p>\n","protected":false},"author":6799,"featured_media":506920,"comment_status":"closed","ping_status":"closed","sticky":false,"template":"","format":"standard","meta":{"_jetpack_memberships_contains_paid_content":false,"footnotes":""},"categories":[1],"tags":[],"class_list":{"0":"post-506901","1":"post","2":"type-post","3":"status-publish","4":"format-standard","5":"has-post-thumbnail","7":"category-non-classifiee"},"jetpack_featured_media_url":"https:\/\/www.aflahaye.nl\/wp-content\/uploads\/2025\/05\/demo-Spui-2011.jpg","jetpack_sharing_enabled":true,"menu_order":0,"_links":{"self":[{"href":"https:\/\/www.aflahaye.nl\/en\/wp-json\/wp\/v2\/posts\/506901","targetHints":{"allow":["GET"]}}],"collection":[{"href":"https:\/\/www.aflahaye.nl\/en\/wp-json\/wp\/v2\/posts"}],"about":[{"href":"https:\/\/www.aflahaye.nl\/en\/wp-json\/wp\/v2\/types\/post"}],"author":[{"embeddable":true,"href":"https:\/\/www.aflahaye.nl\/en\/wp-json\/wp\/v2\/users\/6799"}],"replies":[{"embeddable":true,"href":"https:\/\/www.aflahaye.nl\/en\/wp-json\/wp\/v2\/comments?post=506901"}],"version-history":[{"count":1,"href":"https:\/\/www.aflahaye.nl\/en\/wp-json\/wp\/v2\/posts\/506901\/revisions"}],"predecessor-version":[{"id":506929,"href":"https:\/\/www.aflahaye.nl\/en\/wp-json\/wp\/v2\/posts\/506901\/revisions\/506929"}],"wp:featuredmedia":[{"embeddable":true,"href":"https:\/\/www.aflahaye.nl\/en\/wp-json\/wp\/v2\/media\/506920"}],"wp:attachment":[{"href":"https:\/\/www.aflahaye.nl\/en\/wp-json\/wp\/v2\/media?parent=506901"}],"wp:term":[{"taxonomy":"category","embeddable":true,"href":"https:\/\/www.aflahaye.nl\/en\/wp-json\/wp\/v2\/categories?post=506901"},{"taxonomy":"post_tag","embeddable":true,"href":"https:\/\/www.aflahaye.nl\/en\/wp-json\/wp\/v2\/tags?post=506901"}],"curies":[{"name":"wp","href":"https:\/\/api.w.org\/{rel}","templated":true}]}}