{"id":512312,"date":"2026-04-28T17:16:27","date_gmt":"2026-04-28T15:16:27","guid":{"rendered":"https:\/\/www.aflahaye.nl\/elect-last-show-of-the-trilogy-6-7-and-8-may-2026\/"},"modified":"2026-04-28T17:38:32","modified_gmt":"2026-04-28T15:38:32","slug":"elect-last-show-of-the-trilogy-6-7-and-8-may-2026","status":"publish","type":"post","link":"https:\/\/www.aflahaye.nl\/en\/elect-last-show-of-the-trilogy-6-7-and-8-may-2026\/","title":{"rendered":"ELECT \u2013 LAST SHOW OF THE TRILOGY: 6, 7, and 8 MAY 2026"},"content":{"rendered":"<h3>IMMERSE YOURSELF IN THE FINAL ACT OF THE GREEK TRAGEDY IN MAY<\/h3>\n<p><\/p>\n<p>In May, the Th\u00e9\u00e2tre de l&#8217;Avalanche concludes its exceptional trilogy with <strong>\u00c9lectre<\/strong>, the last part of Tiago Rodrigues&#8217; modern adaptation of the great classics of the Greek tragedy. Three evenings at the Laaktheater in The Hague to witness the denouement of the Atrides cycle, between revenge, memory and fate. \u2694\ufe0f<\/p>\n<p><\/p>\n<p>\ud83d\uddd3 <strong>Dates :<\/strong> Wednesday the 6th, Thursday the 7th, and Friday the 8th of May 2026<br \/>\ud83d\udd62 <strong>Entry :<\/strong> 7:30 PM \u2013 Start: 8 PM (end scheduled at 9:30 PM)<br \/>\ud83d\udccd <strong>Location :<\/strong> Laaktheater, Ferrandweg 4-T, 2523 XT The Hague<\/p>\n<p><\/p>\n<p>After the murder of <strong>Agamemnon<\/strong>, blood still calls for blood. In <strong>\u00c9lectre<\/strong>, the curse of the Atrides reaches its breaking point.<\/p>\n<p><\/p>\n<p>\u00c9lectre is waiting for only one thing: the return of his brother Oreste, bearer of a justice that oscillates between reparation and new violence. But in a world already broken by war and revenge, can justice still exist without destroying everything?<\/p>\n<p><\/p>\n<p>Between family memory, intimate rage and implacable destiny, this ultimate tragedy questions what remains when the spiral of blood has taken everything away.<\/p>\n<p><\/p>\n<p>This last piece closes a powerful trilogy:<\/p>\n<p><\/p>\n<p><strong>Iphig\u00e9nie<\/strong> opened the cycle, <strong>Agamemnon<\/strong> revealed its central violence, and <strong>\u00c9lectre<\/strong> signaled the final outcome.<br \/>Each show can be seen independently, but together they trace the entire curse of the Atrides.<\/p>\n<p><\/p>\n<p data-start=\"973\" data-end=\"1121\"><img class=\"aligncenter wp-image-512300 \" src=\"https:\/\/www.aflahaye.nl\/wp-content\/uploads\/2026\/04\/os9rpfwxcptvzcuchdby.jpg\" alt=\"\" width=\"229\" height=\"324\" srcset=\"https:\/\/www.aflahaye.nl\/wp-content\/uploads\/2026\/04\/os9rpfwxcptvzcuchdby.jpg 848w, https:\/\/www.aflahaye.nl\/wp-content\/uploads\/2026\/04\/os9rpfwxcptvzcuchdby-212x300.jpg 212w, https:\/\/www.aflahaye.nl\/wp-content\/uploads\/2026\/04\/os9rpfwxcptvzcuchdby-724x1024.jpg 724w, https:\/\/www.aflahaye.nl\/wp-content\/uploads\/2026\/04\/os9rpfwxcptvzcuchdby-768x1087.jpg 768w\" sizes=\"(max-width: 229px) 100vw, 229px\" \/><\/p>\n<p><\/p>\n<h3>PRACTICAL INFORMATION<\/h3>\n<p><\/p>\n<p><strong>Audience :<\/strong> All audiences (some themes may offend children under 10 years old)<br \/><strong>Language :<\/strong> show in French<br \/><strong>Duration :<\/strong> about 1h30<\/p>\n<p><\/p>\n<h3>Prices :<\/h3>\n<p><\/p>\n<ul>\n<li>\u20ac20\/ show<\/li>\n<li>\u20ac15 for under 25s<\/li>\n<li>Possible reduction for groups of 10 or more people\n<\/li>\n<\/ul>\n<p>[vc_column_text css=&#8221;&#8221;]<\/p>\n<div class='kiosque-aec'><div\n data-module='events'\n data-action='list'\n data-param-detail_link=''\n data-param-event-type='83'\n data-param-event-url=''\n data-param-lang='en_US'><\/div><\/div>\n<p>[\/vc_column_text]<\/p>\n<p>\ud83d\udc49 For any booking with a discount (under 25 years old, trilogy or groups), please contact the Alliance Fran\u00e7aise of The Hague directly.<\/p>\n<p><\/p>\n<p>\u2728 \u00c9lectre marks the end of an intense tragic cycle: an ultimate plunge into the heart of Greek myths revisited by the Th\u00e9\u00e2tre de l&#8217;Avalanche.<\/p>\n","protected":false},"excerpt":{"rendered":"<p>IMMERSE YOURSELF IN THE FINAL ACT OF THE GREEK TRAGEDY IN MAY In May, the Th\u00e9\u00e2tre de l&#8217;Avalanche concludes its&#8230;<\/p>\n","protected":false},"author":7000,"featured_media":512302,"comment_status":"closed","ping_status":"closed","sticky":false,"template":"","format":"standard","meta":{"_jetpack_memberships_contains_paid_content":false,"footnotes":""},"categories":[2432,2423],"tags":[],"class_list":{"0":"post-512312","1":"post","2":"type-post","3":"status-publish","4":"format-standard","5":"has-post-thumbnail","7":"category-featured","8":"category-vie-de-lalliance-en"},"jetpack_featured_media_url":"https:\/\/www.aflahaye.nl\/wp-content\/uploads\/2026\/04\/os9rpfwxcptvzcuchdby.jpg","jetpack_sharing_enabled":true,"menu_order":0,"_links":{"self":[{"href":"https:\/\/www.aflahaye.nl\/en\/wp-json\/wp\/v2\/posts\/512312","targetHints":{"allow":["GET"]}}],"collection":[{"href":"https:\/\/www.aflahaye.nl\/en\/wp-json\/wp\/v2\/posts"}],"about":[{"href":"https:\/\/www.aflahaye.nl\/en\/wp-json\/wp\/v2\/types\/post"}],"author":[{"embeddable":true,"href":"https:\/\/www.aflahaye.nl\/en\/wp-json\/wp\/v2\/users\/7000"}],"replies":[{"embeddable":true,"href":"https:\/\/www.aflahaye.nl\/en\/wp-json\/wp\/v2\/comments?post=512312"}],"version-history":[{"count":2,"href":"https:\/\/www.aflahaye.nl\/en\/wp-json\/wp\/v2\/posts\/512312\/revisions"}],"predecessor-version":[{"id":512314,"href":"https:\/\/www.aflahaye.nl\/en\/wp-json\/wp\/v2\/posts\/512312\/revisions\/512314"}],"wp:featuredmedia":[{"embeddable":true,"href":"https:\/\/www.aflahaye.nl\/en\/wp-json\/wp\/v2\/media\/512302"}],"wp:attachment":[{"href":"https:\/\/www.aflahaye.nl\/en\/wp-json\/wp\/v2\/media?parent=512312"}],"wp:term":[{"taxonomy":"category","embeddable":true,"href":"https:\/\/www.aflahaye.nl\/en\/wp-json\/wp\/v2\/categories?post=512312"},{"taxonomy":"post_tag","embeddable":true,"href":"https:\/\/www.aflahaye.nl\/en\/wp-json\/wp\/v2\/tags?post=512312"}],"curies":[{"name":"wp","href":"https:\/\/api.w.org\/{rel}","templated":true}]}}