{"id":244141,"date":"2020-05-30T22:44:13","date_gmt":"2020-05-30T20:44:13","guid":{"rendered":"https:\/\/www.aflahaye.nl\/?p=244141"},"modified":"2020-05-30T23:52:54","modified_gmt":"2020-05-30T21:52:54","slug":"notre-coup-de-coeur-de-mai-2020-hubert-reeves-nous-explique-tome-1-la-biodiversite","status":"publish","type":"post","link":"https:\/\/www.aflahaye.nl\/nl\/notre-coup-de-coeur-de-mai-2020-hubert-reeves-nous-explique-tome-1-la-biodiversite\/","title":{"rendered":"Notre coup de coeur de mai 2020:\u00ab Hubert Reeves nous explique -Tome 1 : La biodiversit\u00e9\u00bb"},"content":{"rendered":"<div class=\"wpb-content-wrapper\"><p>[vc_row][vc_column][vc_column_text]<\/p>\n<h1 align=\"center\">Notre coup de coeur de MAI 2020: \u00abHubert Reeves nous explique -Tome 1 : La biodiversit\u00e9\u00bb<\/h1>\n<p>[\/vc_column_text][\/vc_column][\/vc_row][vc_row][vc_column][vc_column_text]<\/p>\n<p align=\"left\">L\u2019Alliance fran\u00e7aise de La Haye a le plaisir de vous faire d\u00e9couvrir son coup de c\u0153ur du mois de mai 2020.<\/p>\n<p align=\"left\">\u00ab Hubert Reeves nous explique -Tome 1 : La biodiversit\u00e9\u00bb<br \/>\n<strong>Edition :<\/strong>\u00a0<a href=\"https:\/\/www.instagram.com\/lelombard\/\">@lelombard<\/a><br \/>\n<strong>Auteur :<\/strong> Nelly Boutinot, Hubert Reeves, Daniel Casanave<\/p>\n<ul>\n<li><strong>Le th\u00e8me du livre :<\/strong><\/li>\n<\/ul>\n<p align=\"center\"><img class=\"alignnone size-medium wp-image-244156\" src=\"https:\/\/www.aflahaye.nl\/wp-content\/uploads\/2020\/05\/POST1COUPDECOEURMAI2020-228x300.png\" alt=\"\" width=\"228\" height=\"300\" srcset=\"https:\/\/www.aflahaye.nl\/wp-content\/uploads\/2020\/05\/POST1COUPDECOEURMAI2020-228x300.png 228w, https:\/\/www.aflahaye.nl\/wp-content\/uploads\/2020\/05\/POST1COUPDECOEURMAI2020-600x791.png 600w, https:\/\/www.aflahaye.nl\/wp-content\/uploads\/2020\/05\/POST1COUPDECOEURMAI2020.png 769w\" sizes=\"(max-width: 228px) 100vw, 228px\" \/><\/p>\n<p align=\"left\">\u2728\ud83c\udf3f\u00abSans les \u00e9toiles, nous ne serions pas l\u00e0. En mourant,\u00a0elles lib\u00e8rent les atomes qui sont n\u00e9cessaires \u00e0 la construction de tout \u00eatre vivant. Le r\u00e9sultat, ce sont des plantes, des animaux&#8230; toute une biodiversit\u00e9 tr\u00e8s pr\u00e9cieuse \u00e0 notre survie \u00e0 tous. Nous sommes tous diff\u00e9rents, comme les animaux et les insectes\u00a0qui peuplent la terre et les oc\u00e9ans, et nous avons tous besoin les uns des autres pour vivre dans un milieu naturel commun.\u00bb\ud83c\udf33\ud83d\udc3e<\/p>\n<ul>\n<li><strong>Un d\u00e9tail int\u00e9ressant :<\/strong><\/li>\n<\/ul>\n<p align=\"center\"><img class=\"alignnone size-medium wp-image-244162\" src=\"https:\/\/www.aflahaye.nl\/wp-content\/uploads\/2020\/05\/versdeterrepost2-2-300x232.png\" alt=\"\" width=\"300\" height=\"232\" srcset=\"https:\/\/www.aflahaye.nl\/wp-content\/uploads\/2020\/05\/versdeterrepost2-2-300x232.png 300w, https:\/\/www.aflahaye.nl\/wp-content\/uploads\/2020\/05\/versdeterrepost2-2.png 399w\" sizes=\"(max-width: 300px) 100vw, 300px\" \/><\/p>\n<p align=\"left\">\ud83c\udf3fEn cette p\u00e9riode o\u00f9 beaucoup se sont passionn\u00e9s, ou ont retrouv\u00e9 la joie du jardinage,\ud83c\udf3c saviez-vous que le ver-de-terre est un des\u00a0acteurs clefs pour le jardin et pour la fertilit\u00e9 des sols\u00a0\ud83d\ude09<\/p>\n<ul>\n<li><strong>Disponibilit\u00e9 sur Cultureth\u00e8que :<\/strong><\/li>\n<\/ul>\n<p><img class=\"size-medium wp-image-244159 aligncenter\" src=\"https:\/\/www.aflahaye.nl\/wp-content\/uploads\/2020\/05\/hubertreevesculturetheque-300x164.png\" alt=\"\" width=\"300\" height=\"164\" align=\"center\" srcset=\"https:\/\/www.aflahaye.nl\/wp-content\/uploads\/2020\/05\/hubertreevesculturetheque-300x164.png 300w, https:\/\/www.aflahaye.nl\/wp-content\/uploads\/2020\/05\/hubertreevesculturetheque-600x328.png 600w, https:\/\/www.aflahaye.nl\/wp-content\/uploads\/2020\/05\/hubertreevesculturetheque-1024x560.png 1024w, https:\/\/www.aflahaye.nl\/wp-content\/uploads\/2020\/05\/hubertreevesculturetheque-768x420.png 768w, https:\/\/www.aflahaye.nl\/wp-content\/uploads\/2020\/05\/hubertreevesculturetheque-1536x840.png 1536w, https:\/\/www.aflahaye.nl\/wp-content\/uploads\/2020\/05\/hubertreevesculturetheque.png 1729w\" sizes=\"(max-width: 300px) 100vw, 300px\" \/><\/p>\n<p align=\"left\">\ud83c\udf33 \ud83c\udf3cSaviez-vous que notre coup-de-c\u0153ur du mois est disponible sur Cultureth\u00e8que ?\ud83d\udc4d\u00a0Suivre un cours \u00e0 l\u2019Alliance fran\u00e7aise de La Haye c\u2019est aussi un acc\u00e8s pour un an \u00e0 la plus grande biblioth\u00e8que francophone en ligne avec pr\u00e8s de 300 000 ressources : magazines, quotidiens, romans, bandes-dessin\u00e9es, ouvrages jeunesses, musique \u2026\ud83d\udcbb Alors n\u2019oubliez pas de cr\u00e9er votre compte gratuit et lisez en famille !\u00a0\ud83d\udcd6<\/p>\n<p align=\"left\">Un seul lien :\u00a0<a href=\"https:\/\/www.culturetheque.com\/EXPLOITATION\/NLD\/register.aspx\">https:\/\/www.culturetheque.com\/EXPLOITATION\/NLD\/register.aspx<\/a><\/p>\n<ul>\n<li><strong>S&#8217;il fallait finir par une citation:<\/strong><\/li>\n<\/ul>\n<p align=\"center\"><img class=\"alignnone size-medium wp-image-244151\" src=\"https:\/\/www.aflahaye.nl\/wp-content\/uploads\/2020\/05\/hubertreevespost4-225x300.png\" alt=\"\" width=\"225\" height=\"300\" srcset=\"https:\/\/www.aflahaye.nl\/wp-content\/uploads\/2020\/05\/hubertreevespost4-225x300.png 225w, https:\/\/www.aflahaye.nl\/wp-content\/uploads\/2020\/05\/hubertreevespost4-600x799.png 600w, https:\/\/www.aflahaye.nl\/wp-content\/uploads\/2020\/05\/hubertreevespost4.png 678w\" sizes=\"(max-width: 225px) 100vw, 225px\" \/><\/p>\n<p align=\"left\">Une belle citation d\u2019Hubert Reeves comme un hommage \u00e0 la BD : \ud83d\udc3e\u00ab Les enfants lisent de moins en moins. La bande dessin\u00e9e a des avantages \u00e9normes sur le livre. Un dessin, souvent, c\u2019est facile pour comprendre, tandis qu\u2019un texte, on le lit, on l\u2019oublie. \u00bb\ud83d\udd8c\ufe0f Hubert Reeves<\/p>\n<p>\u2705<strong>Notre coup de c\u0153ur du mois de juin sera \u00e0 d\u00e9couvrir d\u00e8s la semaine prochaine sur les r\u00e9seaux sociaux <\/strong><strong>\ud83d\ude09<\/strong><\/p>\n<p><a href=\"https:\/\/www.instagram.com\/explore\/tags\/aflh_coupdecoeur\/\">#aflh_coupdecoeur<\/a>\u00a0<a href=\"https:\/\/www.instagram.com\/explore\/tags\/aflh_coupdecoeurmai2020\/\">#aflh_coupdecoeurmai2020<\/a>\u00a0<a href=\"https:\/\/www.instagram.com\/explore\/tags\/bandedessinee\/\">#bandedessinee<\/a>\u00a0<a href=\"https:\/\/www.instagram.com\/explore\/tags\/hubertreeves\/\">#hubertreeves<\/a>\u00a0<a href=\"https:\/\/www.instagram.com\/explore\/tags\/nellyboutinot\/\">#nellyboutinot<\/a>\u00a0<a href=\"https:\/\/www.instagram.com\/explore\/tags\/danielcasanave\/\">#danielcasanave<\/a>\u00a0<a href=\"https:\/\/www.instagram.com\/explore\/tags\/biodiversit%C3%A9\/\">#biodiversit\u00e9<\/a>\u00a0<a href=\"https:\/\/www.instagram.com\/explore\/tags\/ecologie\/\">#ecologie<\/a>\u00a0<a href=\"https:\/\/www.instagram.com\/explore\/tags\/stripboek\/\">#stripboek<\/a>\u00a0<a href=\"https:\/\/www.instagram.com\/explore\/tags\/stripboeken\/\">#stripboeken<\/a>\u00a0<a href=\"https:\/\/www.instagram.com\/explore\/tags\/frenchcomics\/\">#frenchcomics<\/a>\u00a0<a href=\"https:\/\/www.instagram.com\/explore\/tags\/french\/\">#french<\/a>\u00a0<a href=\"https:\/\/www.instagram.com\/explore\/tags\/comics\/\">#comics<\/a>\u00a0<a href=\"https:\/\/www.instagram.com\/explore\/tags\/lovefrench\/\">#lovefrench<\/a>\u00a0<a href=\"https:\/\/www.instagram.com\/explore\/tags\/newbook\/\">#newbook<\/a>\u00a0<a href=\"https:\/\/www.instagram.com\/explore\/tags\/lezen\/\">#lezen<\/a>\u00a0<a href=\"https:\/\/www.instagram.com\/explore\/tags\/culturetheque\/\">#culturetheque<\/a>[\/vc_column_text][\/vc_column][\/vc_row]<\/p>\n<\/div>","protected":false},"excerpt":{"rendered":"<p>[vc_row][vc_column][vc_column_text] Notre coup de coeur de MAI 2020: \u00abHubert Reeves nous explique -Tome 1 : La biodiversit\u00e9\u00bb [\/vc_column_text][\/vc_column][\/vc_row][vc_row][vc_column][vc_column_text] L\u2019Alliance fran\u00e7aise&#8230;<\/p>\n","protected":false},"author":20,"featured_media":244156,"comment_status":"closed","ping_status":"closed","sticky":false,"template":"","format":"standard","meta":{"_jetpack_memberships_contains_paid_content":false,"footnotes":""},"categories":[1],"tags":[],"class_list":{"0":"post-244141","1":"post","2":"type-post","3":"status-publish","4":"format-standard","5":"has-post-thumbnail","7":"category-non-classifiee"},"jetpack_featured_media_url":"https:\/\/www.aflahaye.nl\/wp-content\/uploads\/2020\/05\/POST1COUPDECOEURMAI2020.png","jetpack_sharing_enabled":true,"menu_order":0,"_links":{"self":[{"href":"https:\/\/www.aflahaye.nl\/nl\/wp-json\/wp\/v2\/posts\/244141","targetHints":{"allow":["GET"]}}],"collection":[{"href":"https:\/\/www.aflahaye.nl\/nl\/wp-json\/wp\/v2\/posts"}],"about":[{"href":"https:\/\/www.aflahaye.nl\/nl\/wp-json\/wp\/v2\/types\/post"}],"author":[{"embeddable":true,"href":"https:\/\/www.aflahaye.nl\/nl\/wp-json\/wp\/v2\/users\/20"}],"replies":[{"embeddable":true,"href":"https:\/\/www.aflahaye.nl\/nl\/wp-json\/wp\/v2\/comments?post=244141"}],"version-history":[{"count":0,"href":"https:\/\/www.aflahaye.nl\/nl\/wp-json\/wp\/v2\/posts\/244141\/revisions"}],"wp:featuredmedia":[{"embeddable":true,"href":"https:\/\/www.aflahaye.nl\/nl\/wp-json\/wp\/v2\/media\/244156"}],"wp:attachment":[{"href":"https:\/\/www.aflahaye.nl\/nl\/wp-json\/wp\/v2\/media?parent=244141"}],"wp:term":[{"taxonomy":"category","embeddable":true,"href":"https:\/\/www.aflahaye.nl\/nl\/wp-json\/wp\/v2\/categories?post=244141"},{"taxonomy":"post_tag","embeddable":true,"href":"https:\/\/www.aflahaye.nl\/nl\/wp-json\/wp\/v2\/tags?post=244141"}],"curies":[{"name":"wp","href":"https:\/\/api.w.org\/{rel}","templated":true}]}}