{"id":286456,"date":"2020-07-01T23:07:18","date_gmt":"2020-07-01T21:07:18","guid":{"rendered":"https:\/\/www.aflahaye.nl\/?p=286456"},"modified":"2024-12-06T12:04:32","modified_gmt":"2024-12-06T11:04:32","slug":"notre-coup-de-coeur-de-juin-2020-dans-la-combi-de-thomas-pesquet","status":"publish","type":"post","link":"https:\/\/www.aflahaye.nl\/nl\/notre-coup-de-coeur-de-juin-2020-dans-la-combi-de-thomas-pesquet\/","title":{"rendered":"Notre coup de coeur de juin 2020:\u00ab Dans la combi de Thomas Pesquet\u00bb"},"content":{"rendered":"<div class=\"wpb-content-wrapper\"><p>[vc_row][vc_column][vc_column_text]<\/p>\n<h1 align=\"center\">Notre coup de coeur de Juin 2020: \u00abDans la combi de Thomas Pesquet\u00bb<\/h1>\n<p>[\/vc_column_text][\/vc_column][\/vc_row][vc_row][vc_column][vc_column_text]<\/p>\n<p align=\"left\">L\u2019Alliance fran\u00e7aise de La Haye a le plaisir de vous faire d\u00e9couvrir son coup de c\u0153ur du mois de juin 2020.<\/p>\n<p align=\"left\">\u00ab Dans la combi de Thomas Pesquet\u00bb<br \/>\n<strong>Edition :<\/strong>\u00a0<a href=\"https:\/\/www.instagram.com\/lelombard\/\">@dargaud<\/a><br \/>\n<strong>Auteur :<\/strong> Marion Montaigne<\/p>\n<ul>\n<li><strong>Le th\u00e8me du livre :<\/strong><\/li>\n<\/ul>\n<p align=\"left\"><img class=\"size-medium wp-image-286463 aligncenter\" src=\"https:\/\/www.aflahaye.nl\/wp-content\/uploads\/2020\/07\/coup-de-coeur-juin-2020-T-PESQUET-220x300.png\" alt=\"\" width=\"220\" height=\"300\" srcset=\"https:\/\/www.aflahaye.nl\/wp-content\/uploads\/2020\/07\/coup-de-coeur-juin-2020-T-PESQUET-220x300.png 220w, https:\/\/www.aflahaye.nl\/wp-content\/uploads\/2020\/07\/coup-de-coeur-juin-2020-T-PESQUET.png 537w\" sizes=\"(max-width: 220px) 100vw, 220px\" \/><\/p>\n<p align=\"left\">\ud83d\ude80 Le 2 juin 2017, le Fran\u00e7ais Thomas Pesquet, 38 ans, astronaute, rentrait sur Terre apr\u00e8s avoir pass\u00e9 6 mois dans la Station spatiale internationale. La r\u00e9alisation d&#8217;un r\u00eave d&#8217;enfant pour ce type hors-norme qui apr\u00e8s avoir \u00e9t\u00e9 s\u00e9lectionn\u00e9 parmi 8413 candidats, suivit une formation intense pendant 7 ans, entre Cologne, Moscou, Houston et Ba\u00efkonour&#8230; Dans cette bande dessin\u00e9e de reportage, Marion Montaigne raconte avec humour \u2013 sa marque de fabrique \u2013 le parcours de ce h\u00e9ros depuis sa s\u00e9lection, puis sa formation jusqu&#8217;\u00e0 sa mission dans l&#8217;ISS et son retour sur Terre.\ud83c\udf0f<\/p>\n<ul>\n<li><strong>Un d\u00e9tail int\u00e9ressant :<\/strong><\/li>\n<\/ul>\n<p align=\"left\"><img class=\"size-medium wp-image-286466 aligncenter\" src=\"https:\/\/www.aflahaye.nl\/wp-content\/uploads\/2020\/07\/coup-de-coeur-juin-2020-T-PESQUET-Post-2-V2-300x297.png\" alt=\"\" width=\"300\" height=\"297\" srcset=\"https:\/\/www.aflahaye.nl\/wp-content\/uploads\/2020\/07\/coup-de-coeur-juin-2020-T-PESQUET-Post-2-V2-300x297.png 300w, https:\/\/www.aflahaye.nl\/wp-content\/uploads\/2020\/07\/coup-de-coeur-juin-2020-T-PESQUET-Post-2-V2-600x593.png 600w, https:\/\/www.aflahaye.nl\/wp-content\/uploads\/2020\/07\/coup-de-coeur-juin-2020-T-PESQUET-Post-2-V2-150x150.png 150w, https:\/\/www.aflahaye.nl\/wp-content\/uploads\/2020\/07\/coup-de-coeur-juin-2020-T-PESQUET-Post-2-V2-100x100.png 100w, https:\/\/www.aflahaye.nl\/wp-content\/uploads\/2020\/07\/coup-de-coeur-juin-2020-T-PESQUET-Post-2-V2.png 643w\" sizes=\"(max-width: 300px) 100vw, 300px\" \/><\/p>\n<p align=\"left\">\ud83c\udf0e Le d\u00e9but de cette histoire c\u2019est aussi en d\u00e9tail les diff\u00e9rentes \u00e9tapes d\u2019un recrutement un peu hors-norme et tr\u00e8s exigeant. On suit Thomas Pesquet depuis son d\u00e9but de candidature en 2008 avec les diff\u00e9rentes \u00e9tapes,\ud83d\udef0\ufe0f &#8211; d\u00e9p\u00f4t du dossier avec 8143 candidats au d\u00e9part, &#8211; les premiers tests d\u00e9but 2008 apr\u00e8s la s\u00e9lection de son dossier parmi les 1000 candidats retenus, &#8211; en septembre 2008 le fameux test psycho et ses 700 questions (certains passages tr\u00e8s dr\u00f4les dans le livre) parmi les 200 candidats restants, &#8211; les examens m\u00e9dicaux au d\u00e9but de l\u2019ann\u00e9e 2009, et \u00ab l\u2019annonce \u00bb \u00e0 l\u2019\u00e9t\u00e9 2009 !<\/p>\n<ul>\n<li><strong>Disponibilit\u00e9 sur Cultureth\u00e8que :<\/strong><\/li>\n<\/ul>\n<p><img class=\"size-medium wp-image-286469 aligncenter\" src=\"https:\/\/www.aflahaye.nl\/wp-content\/uploads\/2020\/07\/coup-de-coeur-juin-2020-T-PESQUET-Post-3--300x165.png\" alt=\"\" width=\"300\" height=\"165\" align=\"center\" srcset=\"https:\/\/www.aflahaye.nl\/wp-content\/uploads\/2020\/07\/coup-de-coeur-juin-2020-T-PESQUET-Post-3--300x165.png 300w, https:\/\/www.aflahaye.nl\/wp-content\/uploads\/2020\/07\/coup-de-coeur-juin-2020-T-PESQUET-Post-3--600x330.png 600w, https:\/\/www.aflahaye.nl\/wp-content\/uploads\/2020\/07\/coup-de-coeur-juin-2020-T-PESQUET-Post-3--1024x563.png 1024w, https:\/\/www.aflahaye.nl\/wp-content\/uploads\/2020\/07\/coup-de-coeur-juin-2020-T-PESQUET-Post-3--768x423.png 768w, https:\/\/www.aflahaye.nl\/wp-content\/uploads\/2020\/07\/coup-de-coeur-juin-2020-T-PESQUET-Post-3--1536x845.png 1536w, https:\/\/www.aflahaye.nl\/wp-content\/uploads\/2020\/07\/coup-de-coeur-juin-2020-T-PESQUET-Post-3--672x372.png 672w, https:\/\/www.aflahaye.nl\/wp-content\/uploads\/2020\/07\/coup-de-coeur-juin-2020-T-PESQUET-Post-3-.png 1741w\" sizes=\"(max-width: 300px) 100vw, 300px\" \/><\/p>\n<p>&nbsp;<\/p>\n<p align=\"left\">\ud83d\udef0\ufe0f \ud83d\ude80Saviez-vous que notre coup-de-c\u0153ur du mois est disponible sur Cultureth\u00e8que ?\ud83d\udc4d\u00a0Suivre un cours \u00e0 l\u2019Alliance fran\u00e7aise de La Haye c\u2019est aussi un acc\u00e8s pour un an \u00e0 la plus grande biblioth\u00e8que francophone en ligne avec pr\u00e8s de 300 000 ressources : magazines, quotidiens, romans, bandes-dessin\u00e9es, ouvrages jeunesses, musique \u2026\ud83d\udcbb\u00a0Alors n\u2019oubliez pas de cr\u00e9er votre compte gratuit et lisez en famille !\u00a0\ud83d\udcd6<\/p>\n<p>Un seul lien :\u00a0<a href=\"https:\/\/www.culturetheque.com\/EXPLOITATION\/NLD\/register.aspx\">https:\/\/www.culturetheque.com\/EXPLOITATION\/NLD\/register.aspx<\/a><\/p>\n<ul>\n<li><strong>Quelques avis sur ce coup de coeur:<\/strong><\/li>\n<\/ul>\n<p align=\"center\"><img class=\"alignnone size-medium wp-image-286474\" src=\"https:\/\/www.aflahaye.nl\/wp-content\/uploads\/2020\/07\/Coup-de-coeur-juin-2020-T-Pesquet-post-4--228x300.png\" alt=\"\" width=\"228\" height=\"300\" srcset=\"https:\/\/www.aflahaye.nl\/wp-content\/uploads\/2020\/07\/Coup-de-coeur-juin-2020-T-Pesquet-post-4--228x300.png 228w, https:\/\/www.aflahaye.nl\/wp-content\/uploads\/2020\/07\/Coup-de-coeur-juin-2020-T-Pesquet-post-4--600x791.png 600w, https:\/\/www.aflahaye.nl\/wp-content\/uploads\/2020\/07\/Coup-de-coeur-juin-2020-T-Pesquet-post-4-.png 765w\" sizes=\"(max-width: 228px) 100vw, 228px\" \/><\/p>\n<p align=\"left\">\ud83d\udef0\ufe0fAlors si vous avez encore un doute voil\u00e0 ce que disent les critiques du Prix du Public 2018 du festival D\u2019Angoul\u00eame 2018 :<\/p>\n<p>&#8211; \u00ab\u00a0Avec cet album vous conna\u00eetrez tout ou presque de la vie de Thomas Pesquet: sa passion de l&#8217;espace, son entrainement, la s\u00e9lection et enfin le d\u00e9part pour la station spatiale! Nous aurons attendu longtemps le nouveau livre de Marion Montaigne, mais cela valait le coup: du plaisir et de la science. Bravo.\u00bb (BDFUGUE)\ud83d\ude80<\/p>\n<p>&#8211; \u00ab\u00a0Cette BD est tout simplement g\u00e9niale ! Elle raconte de fa\u00e7on l\u00e9g\u00e8re et humoristique la folle aventure de Thomas Pesquet. On revoit des r\u00eaves de gosse, mais on per\u00e7oit aussi la dure r\u00e9alit\u00e9 des choses et les sacrifices accomplis pour y arriver. C&#8217;est en plus un gros pav\u00e9, vous en avez pour quelques jours \u00e0 vous r\u00e9galer ! \u00bb (FNAC)\ud83d\udef8<\/p>\n<p>\u2705<strong>Notre coup de c\u0153ur du mois de septembre sera \u00e0 d\u00e9couvrir juste apr\u00e8s l&#8217;\u00e9t\u00e9 sur les r\u00e9seaux sociaux <\/strong><strong>\ud83d\ude09<\/strong><\/p>\n<p><a class=\" xil3i\" tabindex=\"0\" href=\"https:\/\/www.instagram.com\/explore\/tags\/aflh_coupdecoeur\/\">#aflh_coupdecoeur<\/a>\u00a0<a class=\" xil3i\" tabindex=\"0\" href=\"https:\/\/www.instagram.com\/explore\/tags\/aflh_coupdecoeurjuin2020\/\">#aflh_coupdecoeurjuin2020<\/a>\u00a0<a class=\" xil3i\" tabindex=\"0\" href=\"https:\/\/www.instagram.com\/explore\/tags\/bandedessinee\/\">#bandedessinee<\/a>\u00a0<a class=\" xil3i\" tabindex=\"0\" href=\"https:\/\/www.instagram.com\/explore\/tags\/marionmontaigne\/\">#marionmontaigne<\/a>\u00a0\u00a0<a class=\" xil3i\" tabindex=\"0\" href=\"https:\/\/www.instagram.com\/explore\/tags\/stripboek\/\">#stripboek<\/a>\u00a0<a class=\" xil3i\" tabindex=\"0\" href=\"https:\/\/www.instagram.com\/explore\/tags\/stripboeken\/\">#stripboeken<\/a>\u00a0<a class=\" xil3i\" tabindex=\"0\" href=\"https:\/\/www.instagram.com\/explore\/tags\/frenchcomics\/\">#frenchcomics<\/a>\u00a0<a class=\" xil3i\" tabindex=\"0\" href=\"https:\/\/www.instagram.com\/explore\/tags\/french\/\">#french<\/a>\u00a0<a class=\" xil3i\" tabindex=\"0\" href=\"https:\/\/www.instagram.com\/explore\/tags\/comics\/\">#comics<\/a>\u00a0<a class=\" xil3i\" tabindex=\"0\" href=\"https:\/\/www.instagram.com\/explore\/tags\/lovefrench\/\">#lovefrench<\/a>\u00a0<a class=\" xil3i\" tabindex=\"0\" href=\"https:\/\/www.instagram.com\/explore\/tags\/newbook\/\">#newbook<\/a>\u00a0<a class=\" xil3i\" tabindex=\"0\" href=\"https:\/\/www.instagram.com\/explore\/tags\/lezen\/\">#lezen<\/a>\u00a0<a class=\" xil3i\" tabindex=\"0\" href=\"https:\/\/www.instagram.com\/explore\/tags\/danslacombidethomaspesquet\/\">#DansLaCombiDeThomasPesquet<\/a>\u00a0\u00a0<a class=\" xil3i\" tabindex=\"0\" href=\"https:\/\/www.instagram.com\/explore\/tags\/astronaute\/\">#Astronaute<\/a>\u00a0<a class=\" xil3i\" tabindex=\"0\" href=\"https:\/\/www.instagram.com\/explore\/tags\/thomaspesquet\/\">#ThomasPesquet<\/a>\u00a0<a class=\" xil3i\" tabindex=\"0\" href=\"https:\/\/www.instagram.com\/explore\/tags\/histoirevraie\/\">#HistoireVraie<\/a>\u00a0<a class=\" xil3i\" tabindex=\"0\" href=\"https:\/\/www.instagram.com\/explore\/tags\/culturetheque\/\">#culturetheque<\/a>[\/vc_column_text][\/vc_column][\/vc_row]<\/p>\n<\/div>","protected":false},"excerpt":{"rendered":"<p>[vc_row][vc_column][vc_column_text] Notre coup de coeur de Juin 2020: \u00abDans la combi de Thomas Pesquet\u00bb [\/vc_column_text][\/vc_column][\/vc_row][vc_row][vc_column][vc_column_text] L\u2019Alliance fran\u00e7aise de La Haye&#8230;<\/p>\n","protected":false},"author":20,"featured_media":286463,"comment_status":"closed","ping_status":"closed","sticky":false,"template":"","format":"standard","meta":{"_jetpack_memberships_contains_paid_content":false,"footnotes":""},"categories":[2421],"tags":[],"class_list":{"0":"post-286456","1":"post","2":"type-post","3":"status-publish","4":"format-standard","5":"has-post-thumbnail","7":"category-vie-de-lalliance"},"jetpack_featured_media_url":"https:\/\/www.aflahaye.nl\/wp-content\/uploads\/2020\/07\/coup-de-coeur-juin-2020-T-PESQUET.png","jetpack_sharing_enabled":true,"menu_order":0,"_links":{"self":[{"href":"https:\/\/www.aflahaye.nl\/nl\/wp-json\/wp\/v2\/posts\/286456","targetHints":{"allow":["GET"]}}],"collection":[{"href":"https:\/\/www.aflahaye.nl\/nl\/wp-json\/wp\/v2\/posts"}],"about":[{"href":"https:\/\/www.aflahaye.nl\/nl\/wp-json\/wp\/v2\/types\/post"}],"author":[{"embeddable":true,"href":"https:\/\/www.aflahaye.nl\/nl\/wp-json\/wp\/v2\/users\/20"}],"replies":[{"embeddable":true,"href":"https:\/\/www.aflahaye.nl\/nl\/wp-json\/wp\/v2\/comments?post=286456"}],"version-history":[{"count":1,"href":"https:\/\/www.aflahaye.nl\/nl\/wp-json\/wp\/v2\/posts\/286456\/revisions"}],"predecessor-version":[{"id":505646,"href":"https:\/\/www.aflahaye.nl\/nl\/wp-json\/wp\/v2\/posts\/286456\/revisions\/505646"}],"wp:featuredmedia":[{"embeddable":true,"href":"https:\/\/www.aflahaye.nl\/nl\/wp-json\/wp\/v2\/media\/286463"}],"wp:attachment":[{"href":"https:\/\/www.aflahaye.nl\/nl\/wp-json\/wp\/v2\/media?parent=286456"}],"wp:term":[{"taxonomy":"category","embeddable":true,"href":"https:\/\/www.aflahaye.nl\/nl\/wp-json\/wp\/v2\/categories?post=286456"},{"taxonomy":"post_tag","embeddable":true,"href":"https:\/\/www.aflahaye.nl\/nl\/wp-json\/wp\/v2\/tags?post=286456"}],"curies":[{"name":"wp","href":"https:\/\/api.w.org\/{rel}","templated":true}]}}