{"id":370295,"date":"2020-09-29T22:13:35","date_gmt":"2020-09-29T20:13:35","guid":{"rendered":"https:\/\/www.aflahaye.nl\/?p=370295"},"modified":"2024-12-06T12:02:31","modified_gmt":"2024-12-06T11:02:31","slug":"notre-coup-de-coeur-de-septembre-2020-noire-la-vie-meconnue-de-claudette-colvin","status":"publish","type":"post","link":"https:\/\/www.aflahaye.nl\/nl\/notre-coup-de-coeur-de-septembre-2020-noire-la-vie-meconnue-de-claudette-colvin\/","title":{"rendered":"Notre coup de coeur de septembre 2020: \u00abNoire, la vie m\u00e9connue de Claudette Colvin\u00bb"},"content":{"rendered":"<div class=\"wpb-content-wrapper\"><p>[vc_row][vc_column][vc_column_text]<\/p>\n<h1 align=\"center\">Notre coup de coeur de septembre 2020: \u00ab\u00ab Noire, la vie m\u00e9connue de Claudette Colvin\u00bb\u00bb<\/h1>\n<p>[\/vc_column_text][\/vc_column][\/vc_row][vc_row][vc_column][vc_column_text]L\u2019Alliance fran\u00e7aise de la Haye \u00e0 le plaisir de vous faire d\u00e9couvrir son coup de\u00a0\u2764\ufe0f du mois de septembre<\/p>\n<p>\u00ab\u00a0Noire, la vie m\u00e9connue de Claudette Colvin\u00bb\ud83d\udc4d<br \/>\nEdition :\u00a0<a href=\"https:\/\/www.instagram.com\/dargaud\/\">@dargaud<\/a><br \/>\nAuteur :\u00a0<a href=\"https:\/\/www.instagram.com\/emilie_plateau\/\">@emilie_plateau<\/a><\/p>\n<ul>\n<li><strong>Le th\u00e8me du livre :<\/strong><\/li>\n<\/ul>\n<p align=\"center\"><img class=\"alignnone size-medium wp-image-370309\" src=\"https:\/\/www.aflahaye.nl\/wp-content\/uploads\/2020\/09\/post1coupdecoeurseptembre2020-300x300.png\" alt=\"\" width=\"300\" height=\"300\" srcset=\"https:\/\/www.aflahaye.nl\/wp-content\/uploads\/2020\/09\/post1coupdecoeurseptembre2020-300x300.png 300w, https:\/\/www.aflahaye.nl\/wp-content\/uploads\/2020\/09\/post1coupdecoeurseptembre2020-180x180.png 180w, https:\/\/www.aflahaye.nl\/wp-content\/uploads\/2020\/09\/post1coupdecoeurseptembre2020-600x600.png 600w, https:\/\/www.aflahaye.nl\/wp-content\/uploads\/2020\/09\/post1coupdecoeurseptembre2020-1024x1024.png 1024w, https:\/\/www.aflahaye.nl\/wp-content\/uploads\/2020\/09\/post1coupdecoeurseptembre2020-150x150.png 150w, https:\/\/www.aflahaye.nl\/wp-content\/uploads\/2020\/09\/post1coupdecoeurseptembre2020-768x768.png 768w, https:\/\/www.aflahaye.nl\/wp-content\/uploads\/2020\/09\/post1coupdecoeurseptembre2020-256x256.png 256w, https:\/\/www.aflahaye.nl\/wp-content\/uploads\/2020\/09\/post1coupdecoeurseptembre2020-100x100.png 100w, https:\/\/www.aflahaye.nl\/wp-content\/uploads\/2020\/09\/post1coupdecoeurseptembre2020-168x168.png 168w, https:\/\/www.aflahaye.nl\/wp-content\/uploads\/2020\/09\/post1coupdecoeurseptembre2020.png 1080w\" sizes=\"(max-width: 300px) 100vw, 300px\" \/><\/p>\n<p align=\"center\">Prenez une profonde inspiration, soufflez et suivez ma voix. Quittez le lieu qui est le v\u00f4tre, quittez le 21e si\u00e8cle. Vous voici dans les ann\u00e9es 1950 au sud des \u00c9tats-Unis, \u00e0 Montgomery, en Alabama. D\u00e9sormais, vous \u00eates Claudette Colvin, une jeune adolescente noire. Ici, noirs et blancs vivent dans la s\u00e9gr\u00e9gation. Ici, \u00eatre noir c&#8217;est n&#8217;avoir aucun droit. Mais, le 2 mars 1955, Claudette Colvin, qui n&#8217;a que 15 ans, refuse de c\u00e9der sa place \u00e0 une passag\u00e8re blanche dans le bus. 9 mois avant Rosa Parks, elle devient la premi\u00e8re noire \u00e0 plaider non coupable et \u00e0 poursuivre la ville en justice. Et pourtant, son nom tombera dans l&#8217;oubli. C\u2019est son histoire que choisi de nous raconter Emilie Plateau&#8230;\ud83d\ude8c<\/p>\n<ul>\n<li><strong>Un d\u00e9tail int\u00e9ressant :<\/strong><\/li>\n<\/ul>\n<p><img class=\"size-medium wp-image-370303 aligncenter\" src=\"https:\/\/www.aflahaye.nl\/wp-content\/uploads\/2020\/09\/noirecouverture-de-livre--196x300.png\" alt=\"\" width=\"196\" height=\"300\" align=\"center\" srcset=\"https:\/\/www.aflahaye.nl\/wp-content\/uploads\/2020\/09\/noirecouverture-de-livre--196x300.png 196w, https:\/\/www.aflahaye.nl\/wp-content\/uploads\/2020\/09\/noirecouverture-de-livre-.png 531w\" sizes=\"(max-width: 196px) 100vw, 196px\" \/><\/p>\n<p>Cette BD est inspir\u00e9e du livre \u00ab Noire \u00bb de Tania de Montaigne. L\u2019ouvrage a re\u00e7u en 2015 le prestigieux prix Simone Veil. Ce prix r\u00e9compense\u00a0un ouvrage de litt\u00e9rature \u00e9crit par une femme ayant comme int\u00e9r\u00eat principal de faire conna\u00eetre ou de r\u00e9v\u00e9ler une ou des femmes marquantes, engag\u00e9e(s) ou non, de leur \u00e9poque.\u00a0C\u2019est aussi d\u00e9sormais une pi\u00e8ce de th\u00e9\u00e2tre jou\u00e9e par exemple r\u00e9cemment au th\u00e9\u00e2tre du Rond-Point des Champs-Elys\u00e9es.\u00a0\u00a0\ud83c\udfad<\/p>\n<ul>\n<li><strong>Disponibilit\u00e9 sur Cultureth\u00e8que :<\/strong><\/li>\n<\/ul>\n<p><img class=\"size-medium wp-image-370300 aligncenter\" src=\"https:\/\/www.aflahaye.nl\/wp-content\/uploads\/2020\/09\/culturetheque-noire-300x173.png\" alt=\"\" width=\"300\" height=\"173\" srcset=\"https:\/\/www.aflahaye.nl\/wp-content\/uploads\/2020\/09\/culturetheque-noire-300x173.png 300w, https:\/\/www.aflahaye.nl\/wp-content\/uploads\/2020\/09\/culturetheque-noire-600x345.png 600w, https:\/\/www.aflahaye.nl\/wp-content\/uploads\/2020\/09\/culturetheque-noire-1024x589.png 1024w, https:\/\/www.aflahaye.nl\/wp-content\/uploads\/2020\/09\/culturetheque-noire-768x442.png 768w, https:\/\/www.aflahaye.nl\/wp-content\/uploads\/2020\/09\/culturetheque-noire-1536x884.png 1536w, https:\/\/www.aflahaye.nl\/wp-content\/uploads\/2020\/09\/culturetheque-noire.png 1702w\" sizes=\"(max-width: 300px) 100vw, 300px\" \/><\/p>\n<p>Saviez-vous que notre coup-de-c\u0153ur du mois est disponible sur Cultureth\u00e8que ?\ud83d\udc4d\u00a0Suivre un cours \u00e0 l\u2019Alliance fran\u00e7aise de La Haye c\u2019est aussi un acc\u00e8s pour un an \u00e0 la plus grande biblioth\u00e8que francophone en ligne avec pr\u00e8s de 300 000 ressources : magazines, quotidiens, romans, bandes-dessin\u00e9es, ouvrages jeunesses, musique \u2026\ud83d\udcbb\u00a0Alors n\u2019oubliez pas de cr\u00e9er votre compte gratuit et lisez en famille !\u00a0\ud83d\udcd6<\/p>\n<p>Un seul lien :\u00a0<a href=\"https:\/\/www.culturetheque.com\/EXPLOITATION\/NLD\/register.aspx\">https:\/\/www.culturetheque.com\/EXPLOITATION\/NLD\/register.aspx<\/a><\/p>\n<ul>\n<li><strong>Quelques avis sur ce coup de coeur:<\/strong><\/li>\n<\/ul>\n<p><img class=\"size-medium wp-image-370312 aligncenter\" src=\"https:\/\/www.aflahaye.nl\/wp-content\/uploads\/2020\/09\/post2segeragation--132x300.png\" alt=\"\" width=\"132\" height=\"300\" srcset=\"https:\/\/www.aflahaye.nl\/wp-content\/uploads\/2020\/09\/post2segeragation--132x300.png 132w, https:\/\/www.aflahaye.nl\/wp-content\/uploads\/2020\/09\/post2segeragation-.png 367w\" sizes=\"(max-width: 132px) 100vw, 132px\" \/><\/p>\n<p align=\"left\">Alors si vous avez encore un doute voil\u00e0 ce que disent les critiques :\ud83c\udf89<\/p>\n<p>&#8211; \u00ab Instructif et r\u00e9ussi, une BD \u00e0 diffuser largement !\u00bb\u00a0<b>Amazon<\/b>\ud83d\udc4d<\/p>\n<p>&#8211; \u00ab Avec son petit th\u00e9\u00e2tre minimaliste, Emilie Plateau donne vie de fa\u00e7on brillante \u00e0 une grande pionni\u00e8re des droits civiques mais oubli\u00e9e de l&#8217;Histoire : Claudette Colvin.\u00a0\u00bb\u00a0<b>Avoiralire<\/b>\ud83d\udc4d<\/p>\n<p>&#8211; \u00ab L\u2019ouvrage va \u00e0 l\u2019essentiel, soigne sa mise en sc\u00e8ne, pour un r\u00e9cit qui se lit d\u2019un trait et saisit par son propos fort, expos\u00e9 avec humilit\u00e9, sans effet de manche inutile.\u00a0\u00bb\u00a0<b>Bodo\u00ef<\/b>\ud83d\ude0a<\/p>\n<p>\u2705Notre prochain coup de c\u0153ur \u00e0 d\u00e9couvrir d\u00e8s la semaine prochaine\u00a0\ud83d\ude0a<br \/>\n<a href=\"https:\/\/www.instagram.com\/explore\/tags\/aflh_coupdecoeur\/\">#aflh_coupdecoeur<\/a>\u00a0<a href=\"https:\/\/www.instagram.com\/explore\/tags\/aflh_coupdecoeurseptembre2020\/\">#aflh_coupdecoeurseptembre2020<\/a>\u00a0<a href=\"https:\/\/www.instagram.com\/explore\/tags\/bandedessinee\/\">#bandedessinee<\/a>\u00a0<a href=\"https:\/\/www.instagram.com\/explore\/tags\/emilieplateau\/\">#emilieplateau<\/a>\u00a0\u00a0<a href=\"https:\/\/www.instagram.com\/explore\/tags\/stripboek\/\">#stripboek<\/a>\u00a0<a href=\"https:\/\/www.instagram.com\/explore\/tags\/stripboeken\/\">#stripboeken<\/a>\u00a0<a href=\"https:\/\/www.instagram.com\/explore\/tags\/frenchcomics\/\">#frenchcomics<\/a>\u00a0<a href=\"https:\/\/www.instagram.com\/explore\/tags\/french\/\">#french<\/a>\u00a0<a href=\"https:\/\/www.instagram.com\/explore\/tags\/comics\/\">#comics<\/a>\u00a0<a href=\"https:\/\/www.instagram.com\/explore\/tags\/lovefrench\/\">#lovefrench<\/a>\u00a0<a href=\"https:\/\/www.instagram.com\/explore\/tags\/newbook\/\">#newbook<\/a>\u00a0<a href=\"https:\/\/www.instagram.com\/explore\/tags\/lezen\/\">#lezen<\/a>\u00a0<a href=\"https:\/\/www.instagram.com\/explore\/tags\/noire\/\">#noire<\/a>\u00a0<a href=\"https:\/\/www.instagram.com\/explore\/tags\/claudettecolvin\/\">#claudettecolvin<\/a>\u00a0\u00a0<a href=\"https:\/\/www.instagram.com\/explore\/tags\/histoirevraie\/\">#HistoireVraie<\/a>\u00a0<a href=\"https:\/\/www.instagram.com\/explore\/tags\/culturetheque\/\">#culturetheque<\/a>\u00a0<a href=\"https:\/\/www.instagram.com\/explore\/tags\/prixsimoneveil\/\">#prixsimoneveil<\/a><\/p>\n<p>[\/vc_column_text][\/vc_column][\/vc_row]<\/p>\n<\/div>","protected":false},"excerpt":{"rendered":"<p>[vc_row][vc_column][vc_column_text] Notre coup de coeur de septembre 2020: \u00ab\u00ab Noire, la vie m\u00e9connue de Claudette Colvin\u00bb\u00bb [\/vc_column_text][\/vc_column][\/vc_row][vc_row][vc_column][vc_column_text]L\u2019Alliance fran\u00e7aise de la&#8230;<\/p>\n","protected":false},"author":20,"featured_media":370309,"comment_status":"closed","ping_status":"closed","sticky":false,"template":"","format":"standard","meta":{"_jetpack_memberships_contains_paid_content":false,"footnotes":""},"categories":[2421],"tags":[],"class_list":{"0":"post-370295","1":"post","2":"type-post","3":"status-publish","4":"format-standard","5":"has-post-thumbnail","7":"category-vie-de-lalliance"},"jetpack_featured_media_url":"https:\/\/www.aflahaye.nl\/wp-content\/uploads\/2020\/09\/post1coupdecoeurseptembre2020.png","jetpack_sharing_enabled":true,"menu_order":0,"_links":{"self":[{"href":"https:\/\/www.aflahaye.nl\/nl\/wp-json\/wp\/v2\/posts\/370295","targetHints":{"allow":["GET"]}}],"collection":[{"href":"https:\/\/www.aflahaye.nl\/nl\/wp-json\/wp\/v2\/posts"}],"about":[{"href":"https:\/\/www.aflahaye.nl\/nl\/wp-json\/wp\/v2\/types\/post"}],"author":[{"embeddable":true,"href":"https:\/\/www.aflahaye.nl\/nl\/wp-json\/wp\/v2\/users\/20"}],"replies":[{"embeddable":true,"href":"https:\/\/www.aflahaye.nl\/nl\/wp-json\/wp\/v2\/comments?post=370295"}],"version-history":[{"count":1,"href":"https:\/\/www.aflahaye.nl\/nl\/wp-json\/wp\/v2\/posts\/370295\/revisions"}],"predecessor-version":[{"id":505644,"href":"https:\/\/www.aflahaye.nl\/nl\/wp-json\/wp\/v2\/posts\/370295\/revisions\/505644"}],"wp:featuredmedia":[{"embeddable":true,"href":"https:\/\/www.aflahaye.nl\/nl\/wp-json\/wp\/v2\/media\/370309"}],"wp:attachment":[{"href":"https:\/\/www.aflahaye.nl\/nl\/wp-json\/wp\/v2\/media?parent=370295"}],"wp:term":[{"taxonomy":"category","embeddable":true,"href":"https:\/\/www.aflahaye.nl\/nl\/wp-json\/wp\/v2\/categories?post=370295"},{"taxonomy":"post_tag","embeddable":true,"href":"https:\/\/www.aflahaye.nl\/nl\/wp-json\/wp\/v2\/tags?post=370295"}],"curies":[{"name":"wp","href":"https:\/\/api.w.org\/{rel}","templated":true}]}}