{"id":501599,"date":"2023-05-31T17:40:55","date_gmt":"2023-05-31T15:40:55","guid":{"rendered":"https:\/\/www.aflahaye.nl\/?p=501599"},"modified":"2023-05-31T17:40:59","modified_gmt":"2023-05-31T15:40:59","slug":"nouveau-diplome-dfp-sante","status":"publish","type":"post","link":"https:\/\/www.aflahaye.nl\/nl\/nouveau-diplome-dfp-sante\/","title":{"rendered":"Nouveau dipl\u00f4me : DFP sant\u00e9"},"content":{"rendered":"<p>L&#8217;Alliance Fran\u00e7aise de la Haye propose d\u00e9sormais de pr\u00e9senter le diplome DFP&nbsp;&nbsp;(Diplome de Fran\u00e7ais Professionnel) Sant\u00e9. \u00c0 destination de toutes les personnes travaillant dans le domaine m\u00e9dical (soignant(e), aide-soignant(e), m\u00e9d\u00e9cins, etc&#8230;), ce diplome certifie les niveaux B1 ou B2\/C1&nbsp; en langue fran\u00e7aise dans un contexte professionnel m\u00e9dical.<\/p>\n<p>\u00c0 l&#8217;instar des autre DFP (relations internationales, affaires, et tourisme-hotellerie-restauration) \u00e9galement propos\u00e9s dans nos murs, ce diplome est est reconnu par le minist\u00e8re de l&#8217;int\u00e9rieur, il est aussi valable \u00e0 vie.<\/p>\n<p>Pour plus d&#8217;information sur l&#8217;examen : <a href=\"https:\/\/www.lefrancaisdesaffaires.fr\/tests-diplomes\/diplomes-francais-professionnel-dfp\/sante\/\">Dipl\u00f4me de fran\u00e7ais professionnel Sant\u00e9 &#8211; Le fran\u00e7ais des affaires (lefrancaisdesaffaires.fr)<\/a><\/p>\n<p>La prochaine session aura lieu le 4 aout, vous pouvez vous inscrire <a href=\"https:\/\/www.aflahaye.nl\/nl\/diplomes-tests\/dfp\/#1685528766314-a00df167-1117\">ici<\/a>, vous pouvez aussi demander une session \u00e0 la demande en prenant <a href=\"https:\/\/www.aflahaye.nl\/nl\/winkelwagentje\/#\/addProduct\/115\">cette option<\/a> dans votre panier et me contactant \u00e0 <a href=\"mailto:examens@aflahaye.nl\">examens@aflahaye.nl<\/a>.<\/p>\n<p>&nbsp;<\/p>\n<p><img src=\"https:\/\/www.lefrancaisdesaffaires.fr\/wp-content\/uploads\/2016\/09\/DFP-Sant%C3%A9.png\" alt=\"Dipl\u00f4me de fran\u00e7ais professionnel Sant\u00e9\"><\/p>\n<p>&nbsp;<\/p>\n<p>&nbsp;<\/p>\n<p>&nbsp;<\/p>\n","protected":false},"excerpt":{"rendered":"<p>L&#8217;Alliance Fran\u00e7aise de la Haye propose d\u00e9sormais de pr\u00e9senter le diplome DFP&nbsp;&nbsp;(Diplome de Fran\u00e7ais Professionnel) Sant\u00e9. \u00c0 destination de toutes&#8230;<\/p>\n","protected":false},"author":6619,"featured_media":0,"comment_status":"closed","ping_status":"closed","sticky":false,"template":"","format":"standard","meta":{"_jetpack_memberships_contains_paid_content":false,"footnotes":""},"categories":[2422],"tags":[],"class_list":{"0":"post-501599","1":"post","2":"type-post","3":"status-publish","4":"format-standard","6":"category-vie-de-lalliance-nl"},"jetpack_featured_media_url":"","jetpack_sharing_enabled":true,"menu_order":0,"_links":{"self":[{"href":"https:\/\/www.aflahaye.nl\/nl\/wp-json\/wp\/v2\/posts\/501599","targetHints":{"allow":["GET"]}}],"collection":[{"href":"https:\/\/www.aflahaye.nl\/nl\/wp-json\/wp\/v2\/posts"}],"about":[{"href":"https:\/\/www.aflahaye.nl\/nl\/wp-json\/wp\/v2\/types\/post"}],"author":[{"embeddable":true,"href":"https:\/\/www.aflahaye.nl\/nl\/wp-json\/wp\/v2\/users\/6619"}],"replies":[{"embeddable":true,"href":"https:\/\/www.aflahaye.nl\/nl\/wp-json\/wp\/v2\/comments?post=501599"}],"version-history":[{"count":1,"href":"https:\/\/www.aflahaye.nl\/nl\/wp-json\/wp\/v2\/posts\/501599\/revisions"}],"predecessor-version":[{"id":501602,"href":"https:\/\/www.aflahaye.nl\/nl\/wp-json\/wp\/v2\/posts\/501599\/revisions\/501602"}],"wp:attachment":[{"href":"https:\/\/www.aflahaye.nl\/nl\/wp-json\/wp\/v2\/media?parent=501599"}],"wp:term":[{"taxonomy":"category","embeddable":true,"href":"https:\/\/www.aflahaye.nl\/nl\/wp-json\/wp\/v2\/categories?post=501599"},{"taxonomy":"post_tag","embeddable":true,"href":"https:\/\/www.aflahaye.nl\/nl\/wp-json\/wp\/v2\/tags?post=501599"}],"curies":[{"name":"wp","href":"https:\/\/api.w.org\/{rel}","templated":true}]}}