{"id":504737,"date":"2024-10-02T14:52:21","date_gmt":"2024-10-02T12:52:21","guid":{"rendered":"https:\/\/www.aflahaye.nl\/?p=504737"},"modified":"2024-12-05T16:35:32","modified_gmt":"2024-12-05T15:35:32","slug":"devenez-examinateur-et-correcteur-delf-dalf-avec-lalliance-francaise-de-la-haye","status":"publish","type":"post","link":"https:\/\/www.aflahaye.nl\/nl\/devenez-examinateur-et-correcteur-delf-dalf-avec-lalliance-francaise-de-la-haye\/","title":{"rendered":"Devenez examinateur et correcteur DELF\/DALF avec l&#8217;Alliance Fran\u00e7aise de La Haye !"},"content":{"rendered":"<p>Vous \u00eates enseignant de FLE aux Pays-Bas et souhaitez enrichir vos comp\u00e9tences professionnelles ? L\u2019Alliance Fran\u00e7aise de La Haye vous invite \u00e0 vous inscrire \u00e0 nos stages d\u2019habilitation \u00e0 l\u2019\u00e9valuation et \u00e0 la correction des examens DELF\/DALF pour la session 2024.<\/p>\n<h4>Qu\u2019est-ce que l\u2019habilitation DELF\/DALF ?<\/h4>\n<p>L\u2019habilitation DELF\/DALF est une formation certifiante qui permet aux enseignants de FLE de devenir examinateurs et correcteurs des dipl\u00f4mes DELF (Dipl\u00f4me d\u2019\u00c9tudes en Langue Fran\u00e7aise) et DALF (Dipl\u00f4me Approfondi de Langue Fran\u00e7aise). Ces dipl\u00f4mes, reconnus internationalement, attestent des comp\u00e9tences en langue fran\u00e7aise des apprenants \u00e9trangers, sur six niveaux du Cadre Europ\u00e9en Commun de R\u00e9f\u00e9rence pour les Langues (CECRL).<\/p>\n<p>L\u2019habilitation est donc indispensable pour tout enseignant souhaitant \u00e9valuer ou corriger les \u00e9preuves du DELF et du DALF. Elle vous permet d&#8217;acqu\u00e9rir les comp\u00e9tences et les connaissances n\u00e9cessaires pour juger objectivement les comp\u00e9tences linguistiques des candidats.<\/p>\n<h4>Les stages \u00e0 venir<\/h4>\n<p>Nous proposons plusieurs sessions d&#8217;habilitation pour les enseignants, selon votre niveau d\u2019exp\u00e9rience et vos besoins de renouvellement :<\/p>\n<p><strong>Premi\u00e8re habilitation<\/strong><\/p>\n<ul>\n<li><strong>Stage d&#8217;habilitation \u00e0 l&#8217;\u00e9valuation du DELF\/DALF A1-B2<\/strong><br \/>\n<em>Dates :<\/em> du mardi 5 novembre au jeudi 7 novembre 2024<\/li>\n<li><strong>Stage d&#8217;habilitation \u00e0 l&#8217;\u00e9valuation du DELF\/DALF C1-C2<\/strong><br \/>\n<em>Dates :<\/em> du lundi 11 novembre au mardi 12 novembre 2024<\/li>\n<\/ul>\n<p><strong>Renouvellement d&#8217;habilitation<\/strong><\/p>\n<ul>\n<li><strong>Renouvellement DELF\/DALF A1-B2<\/strong><br \/>\n<em>Date :<\/em> vendredi 13 d\u00e9cembre 2024<\/li>\n<li><strong>Renouvellement DELF\/DALF C1-C2<\/strong><br \/>\n<em>Date :<\/em> vendredi 20 d\u00e9cembre 2024<\/li>\n<\/ul>\n<p>Ces formations vous permettront de ma\u00eetriser les crit\u00e8res d\u2019\u00e9valuation et les m\u00e9thodologies sp\u00e9cifiques \u00e0 ces examens, tout en vous offrant la possibilit\u00e9 d\u2019intervenir en tant qu\u2019examinateur agr\u00e9\u00e9.<\/p>\n<h4>Inscrivez-vous d\u00e8s maintenant !<\/h4>\n<p>Pour vous inscrire, rendez-vous sur notre site :<br \/>\n<a href=\"https:\/\/www.aflahaye.nl\/devenir-examinateur-correcteur-du-delf-dalf\" target=\"_new\" rel=\"noopener\">https:\/\/www.aflahaye.nl\/devenir-examinateur-correcteur-du-delf-dalf<\/a><\/p>\n<p>Les enseignants du r\u00e9seau des Alliances Fran\u00e7aises des Pays-Bas b\u00e9n\u00e9ficient d&#8217;une r\u00e9duction sp\u00e9ciale. Si vous avez des questions ou besoin de plus d\u2019informations, n\u2019h\u00e9sitez pas \u00e0 nous contacter.<\/p>\n<p>Ne manquez pas cette occasion unique de valoriser vos comp\u00e9tences en devenant examinateur et correcteur agr\u00e9\u00e9 pour les dipl\u00f4mes DELF\/DALF !<\/p>\n<p>&nbsp;<\/p>\n<p><iframe title=\"16 20 octobre 2023 - Stage d'habilitation DELF DALF\" src=\"https:\/\/www.youtube.com\/embed\/okwseyuR5G8\" width=\"1280\" height=\"720\" frameborder=\"0\" allowfullscreen=\"allowfullscreen\"><\/iframe><\/p>\n","protected":false},"excerpt":{"rendered":"<p>Vous \u00eates enseignant de FLE aux Pays-Bas et souhaitez enrichir vos comp\u00e9tences professionnelles ? L\u2019Alliance Fran\u00e7aise de La Haye vous&#8230;<\/p>\n","protected":false},"author":6619,"featured_media":0,"comment_status":"closed","ping_status":"closed","sticky":false,"template":"","format":"standard","meta":{"_jetpack_memberships_contains_paid_content":false,"footnotes":""},"categories":[2420],"tags":[],"class_list":{"0":"post-504737","1":"post","2":"type-post","3":"status-publish","4":"format-standard","6":"category-examens"},"jetpack_featured_media_url":"","jetpack_sharing_enabled":true,"menu_order":0,"_links":{"self":[{"href":"https:\/\/www.aflahaye.nl\/nl\/wp-json\/wp\/v2\/posts\/504737","targetHints":{"allow":["GET"]}}],"collection":[{"href":"https:\/\/www.aflahaye.nl\/nl\/wp-json\/wp\/v2\/posts"}],"about":[{"href":"https:\/\/www.aflahaye.nl\/nl\/wp-json\/wp\/v2\/types\/post"}],"author":[{"embeddable":true,"href":"https:\/\/www.aflahaye.nl\/nl\/wp-json\/wp\/v2\/users\/6619"}],"replies":[{"embeddable":true,"href":"https:\/\/www.aflahaye.nl\/nl\/wp-json\/wp\/v2\/comments?post=504737"}],"version-history":[{"count":1,"href":"https:\/\/www.aflahaye.nl\/nl\/wp-json\/wp\/v2\/posts\/504737\/revisions"}],"predecessor-version":[{"id":504739,"href":"https:\/\/www.aflahaye.nl\/nl\/wp-json\/wp\/v2\/posts\/504737\/revisions\/504739"}],"wp:attachment":[{"href":"https:\/\/www.aflahaye.nl\/nl\/wp-json\/wp\/v2\/media?parent=504737"}],"wp:term":[{"taxonomy":"category","embeddable":true,"href":"https:\/\/www.aflahaye.nl\/nl\/wp-json\/wp\/v2\/categories?post=504737"},{"taxonomy":"post_tag","embeddable":true,"href":"https:\/\/www.aflahaye.nl\/nl\/wp-json\/wp\/v2\/tags?post=504737"}],"curies":[{"name":"wp","href":"https:\/\/api.w.org\/{rel}","templated":true}]}}