{"id":507482,"date":"2025-06-17T12:20:56","date_gmt":"2025-06-17T10:20:56","guid":{"rendered":"https:\/\/www.aflahaye.nl\/?p=507482"},"modified":"2026-02-26T16:45:52","modified_gmt":"2026-02-26T15:45:52","slug":"le-retour-des-cours-intensifs-dete","status":"publish","type":"post","link":"https:\/\/www.aflahaye.nl\/nl\/le-retour-des-cours-intensifs-dete\/","title":{"rendered":"Le retour des cours intensifs d&#8217;\u00e9t\u00e9 !"},"content":{"rendered":"\n<p>Comme chaque \u00e9t\u00e9, les cours intensifs font leur retour, permettant d&#8217;apprendre ou de r\u00e9apprendre des notions de grammaire, phon\u00e9tique ou orthographe, de niveau A1, A2 ou B1<\/p>\n\n\n\n<p>Les cours auront lieux \u00e0 partir de mi-juillet, pour une dur\u00e9e de 10 jours du 14 juillet au 24 juillet, \u00e0 une cadence de 4 jours par semaine de 18h \u00e0 20h30 le lundi, mardi, mercredi et jeudi<\/p>\n\n\n\n<p><a href=\"https:\/\/www.aflahaye.nl\/refresher\/#\/\"><strong>S&#8217;inscrire aux cours d&#8217;\u00e9t\u00e9<\/strong><\/a><\/p>\n\n\n\n<p><\/p>\n","protected":false},"excerpt":{"rendered":"<p>Comme chaque \u00e9t\u00e9, les cours intensifs font leur retour, permettant d&#8217;apprendre ou de r\u00e9apprendre des notions de grammaire, phon\u00e9tique ou&#8230;<\/p>\n","protected":false},"author":6978,"featured_media":0,"comment_status":"closed","ping_status":"closed","sticky":false,"template":"","format":"standard","meta":{"_jetpack_memberships_contains_paid_content":false,"footnotes":""},"categories":[2421],"tags":[],"class_list":{"0":"post-507482","1":"post","2":"type-post","3":"status-publish","4":"format-standard","6":"category-vie-de-lalliance"},"jetpack_featured_media_url":"","jetpack_sharing_enabled":true,"menu_order":0,"_links":{"self":[{"href":"https:\/\/www.aflahaye.nl\/nl\/wp-json\/wp\/v2\/posts\/507482","targetHints":{"allow":["GET"]}}],"collection":[{"href":"https:\/\/www.aflahaye.nl\/nl\/wp-json\/wp\/v2\/posts"}],"about":[{"href":"https:\/\/www.aflahaye.nl\/nl\/wp-json\/wp\/v2\/types\/post"}],"author":[{"embeddable":true,"href":"https:\/\/www.aflahaye.nl\/nl\/wp-json\/wp\/v2\/users\/6978"}],"replies":[{"embeddable":true,"href":"https:\/\/www.aflahaye.nl\/nl\/wp-json\/wp\/v2\/comments?post=507482"}],"version-history":[{"count":1,"href":"https:\/\/www.aflahaye.nl\/nl\/wp-json\/wp\/v2\/posts\/507482\/revisions"}],"predecessor-version":[{"id":507483,"href":"https:\/\/www.aflahaye.nl\/nl\/wp-json\/wp\/v2\/posts\/507482\/revisions\/507483"}],"wp:attachment":[{"href":"https:\/\/www.aflahaye.nl\/nl\/wp-json\/wp\/v2\/media?parent=507482"}],"wp:term":[{"taxonomy":"category","embeddable":true,"href":"https:\/\/www.aflahaye.nl\/nl\/wp-json\/wp\/v2\/categories?post=507482"},{"taxonomy":"post_tag","embeddable":true,"href":"https:\/\/www.aflahaye.nl\/nl\/wp-json\/wp\/v2\/tags?post=507482"}],"curies":[{"name":"wp","href":"https:\/\/api.w.org\/{rel}","templated":true}]}}