{"id":507813,"date":"2025-07-01T19:19:29","date_gmt":"2025-07-01T17:19:29","guid":{"rendered":"https:\/\/www.aflahaye.nl\/celebration-de-la-fete-nationale-samedi-12-juillet\/"},"modified":"2025-07-25T12:26:35","modified_gmt":"2025-07-25T10:26:35","slug":"celebration-de-la-fete-nationale-samedi-12-juillet","status":"publish","type":"post","link":"https:\/\/www.aflahaye.nl\/nl\/celebration-de-la-fete-nationale-samedi-12-juillet\/","title":{"rendered":"C\u00e9l\u00e9bration de la F\u00eate Nationale Samedi 12 juillet"},"content":{"rendered":"<p style=\"font-weight: 400;\"><b><strong>Beste Vrienden,<\/strong><\/b><\/p>\n<p style=\"font-weight: 400;\"><b><strong>Beste Leden,<\/strong><\/b><\/p>\n<p style=\"font-weight: 400;\">\ud83c\udfb6 Ter gelegenheid van de Franse Nationale Feestdag nodigen <b><strong>de Entente des Associations Francophones <\/strong><\/b>en <b><strong>de Alliance Fran\u00e7aise Den Haag<\/strong><\/b> u van harte uit voor een <b><strong>feestelijke en muzikale avond <\/strong><\/b>in <b><strong>Strandrestaurant Atlantis<\/strong><\/b> op <b><strong>het strand van Scheveningen<\/strong><\/b>, op <b><strong>12 juli 2025<\/strong><\/b> vanaf <b><strong>16.00 uur<\/strong><\/b>, in aanwezigheid van <b><strong>Z.E. de heer Fran\u00e7ois ALABRUNE<\/strong><\/b>, ambassadeur van Frankrijk in Nederland.    <\/p>\n<p style=\"font-weight: 400;\">Op het programma van deze avond:<\/p>\n<p style=\"font-weight: 400;\">\ud83c\udfa4 Een <b><strong>concert<\/strong><\/b>, gevolgd door een <b><strong>dansavond<\/strong><\/b><br \/>\n\ud83c\udf7d\ufe0f Een <b><strong>dinerbuffet<\/strong><\/b><br \/>\n\ud83c\udf81 Een <b><strong>tombola<\/strong><\/b><br \/>\n\ud83c\udf89 En <b><strong>tal van andere animaties<\/strong><\/b> gedurende de hele avond<\/p>\n<p style=\"font-weight: 400;\"><b><strong>Verlaagd tarief: \u20ac20 voor kinderen van 6 tot en met 14 jaar.<\/strong><\/b><br \/>\n<b><strong>Gratis voor kinderen jonger dan 6 jaar.<\/strong><\/b><\/p>\n<p style=\"font-weight: 400;\">Om kindertickets te reserveren, stuur een e-mail naar info@aflahaye.nl..<\/p>\n<p>&nbsp;<\/p>\n<p style=\"font-weight: 400;\"> \ud83d\ude8c De locatie is bereikbaar met tramlijnen 6 en 1, of buslijnen 21 en 23<\/p>\n<p style=\"font-weight: 400;\">\ud83c\udd7f\ufe0f Parkeren is mogelijk op 200 meter van het restaurant<\/p>\n<p style=\"font-weight: 400;\">\ud83d\udd17 Aarzel niet om nu al uw plaats te reserveren! <a href=\"https:\/\/www.aflahaye.nl\/nl\/evenement\/?eventId=994#\/\">Event \u2013 Alliance Fran\u00e7aise de La Haye<\/a><\/p>\n<p style=\"font-weight: 400;\">Dit evenement is open voor iedereen, jong en oud: we hopen velen van u daar te ontmoeten om van deze Nationale Feestdag een onvergetelijke herinnering te maken.<\/p>\n<p style=\"font-weight: 400;\"><b><strong>Tot heel binnenkort!<\/strong><\/b><\/p>\n<p style=\"font-weight: 400;\"><b><strong> <\/strong><\/b><\/p>\n<p style=\"font-weight: 400;\"><b><strong>Julia DRYLEWICZ,<\/strong><\/b> Pr\u00e9sidente de l&#8217;Entente des Associations Francophones<\/p>\n<p style=\"font-weight: 400;\"><b><strong>Nathan DE ARRIBA SELLIER,<\/strong><\/b> Secr\u00e9taire de l&#8217;Entente des Associations Francophones<\/p>\n<p style=\"font-weight: 400;\"><b><strong>Philippe SOULARD,<\/strong><\/b> Tr\u00e9sorier de l&#8217;Entente des Associations Francophones<\/p>\n<p style=\"font-weight: 400;\"><b><strong>H\u00e9l\u00e8ne DEGRYSE,<\/strong><\/b> Membre d\u2019honneur de l\u2019Entente des Associations Francophones<\/p>\n<p style=\"font-weight: 400;\"><b><strong>Richard SCHREURS<\/strong><\/b>, Pr\u00e9sident de l\u2019Alliance Fran\u00e7aise de la Haye<\/p>\n<p style=\"font-weight: 400;\"><b><strong>H\u00e9l\u00e8ne PICHON,<\/strong><\/b> Directrice de l\u2019Alliance Fran\u00e7aise de la Haye<\/p>\n<p style=\"font-weight: 400;\">&amp; Coordinatrice du R\u00e9seau des Alliances Fran\u00e7aises aux Pays-Bas<\/p>\n","protected":false},"excerpt":{"rendered":"<p>Beste Vrienden, Beste Leden, \ud83c\udfb6 Ter gelegenheid van de Franse Nationale Feestdag nodigen de Entente des Associations Francophones en de&#8230;<\/p>\n","protected":false},"author":256,"featured_media":507802,"comment_status":"closed","ping_status":"closed","sticky":false,"template":"","format":"standard","meta":{"_jetpack_memberships_contains_paid_content":false,"footnotes":""},"categories":[143,2433],"tags":[],"class_list":{"0":"post-507813","1":"post","2":"type-post","3":"status-publish","4":"format-standard","5":"has-post-thumbnail","7":"category-geen-onderdeel-van-een-categorie","8":"category-une-nl"},"jetpack_featured_media_url":"https:\/\/www.aflahaye.nl\/wp-content\/uploads\/2025\/07\/jufj5n5ojryhu9kvtifm.png","jetpack_sharing_enabled":true,"menu_order":0,"_links":{"self":[{"href":"https:\/\/www.aflahaye.nl\/nl\/wp-json\/wp\/v2\/posts\/507813","targetHints":{"allow":["GET"]}}],"collection":[{"href":"https:\/\/www.aflahaye.nl\/nl\/wp-json\/wp\/v2\/posts"}],"about":[{"href":"https:\/\/www.aflahaye.nl\/nl\/wp-json\/wp\/v2\/types\/post"}],"author":[{"embeddable":true,"href":"https:\/\/www.aflahaye.nl\/nl\/wp-json\/wp\/v2\/users\/256"}],"replies":[{"embeddable":true,"href":"https:\/\/www.aflahaye.nl\/nl\/wp-json\/wp\/v2\/comments?post=507813"}],"version-history":[{"count":1,"href":"https:\/\/www.aflahaye.nl\/nl\/wp-json\/wp\/v2\/posts\/507813\/revisions"}],"predecessor-version":[{"id":508033,"href":"https:\/\/www.aflahaye.nl\/nl\/wp-json\/wp\/v2\/posts\/507813\/revisions\/508033"}],"wp:featuredmedia":[{"embeddable":true,"href":"https:\/\/www.aflahaye.nl\/nl\/wp-json\/wp\/v2\/media\/507802"}],"wp:attachment":[{"href":"https:\/\/www.aflahaye.nl\/nl\/wp-json\/wp\/v2\/media?parent=507813"}],"wp:term":[{"taxonomy":"category","embeddable":true,"href":"https:\/\/www.aflahaye.nl\/nl\/wp-json\/wp\/v2\/categories?post=507813"},{"taxonomy":"post_tag","embeddable":true,"href":"https:\/\/www.aflahaye.nl\/nl\/wp-json\/wp\/v2\/tags?post=507813"}],"curies":[{"name":"wp","href":"https:\/\/api.w.org\/{rel}","templated":true}]}}