{"id":508048,"date":"2025-07-28T10:25:31","date_gmt":"2025-07-28T08:25:31","guid":{"rendered":"https:\/\/www.aflahaye.nl\/?p=508048"},"modified":"2026-02-26T16:52:15","modified_gmt":"2026-02-26T15:52:15","slug":"exposition-dialogues-on-humanity","status":"publish","type":"post","link":"https:\/\/www.aflahaye.nl\/nl\/exposition-dialogues-on-humanity\/","title":{"rendered":"Exposition &#8211; Dialogues on Humanity"},"content":{"rendered":"\r\n<p><em>Crises humanitaires, conflits arm\u00e9s, d\u00e9placements forc\u00e9s, catastrophes naturelles&#8230;<\/em><br>Chaque jour, nous sommes expos\u00e9\u00b7e\u00b7s \u00e0 un flot d\u2019images montrant la souffrance humaine \u00e0 travers le monde. Ces repr\u00e9sentations, parfois brutes, souvent r\u00e9p\u00e9titives, peuvent engendrer une forme de lassitude ou de d\u00e9sensibilisation, laissant un sentiment d\u2019impuissance face \u00e0 la complexit\u00e9 et \u00e0 la brutalit\u00e9 de notre \u00e9poque.<\/p>\r\n\r\n\r\n\r\n<p><strong>Et si l\u2019on changeait de perspective ?<\/strong><br>L\u2019exposition\u00a0<strong>Dialogues On Humanity<\/strong>\u00a0propose de ralentir, de regarder autrement, de ressentir autrement. Imagin\u00e9e par la <strong>Coop\u00e9ration suisse (DDC)<\/strong>, en collaboration avec\u00a0<strong>Photo Elys\u00e9e<\/strong>\u00a0et le\u00a0<strong>Comit\u00e9 International de la Croix-Rouge (CICR)<\/strong>, cette exposition itin\u00e9rante place l\u2019humain au centre de la r\u00e9flexion.<\/p>\r\n\r\n\r\n\r\n<p>\u00c0 travers des photographies fortes, sensibles et engag\u00e9es, elle nous invite \u00e0 poser un regard plus profond sur les r\u00e9alit\u00e9s humanitaires contemporaines. Ni mis\u00e9rabilisme, ni voyeurisme : ici, l\u2019image devient un outil de dialogue, d\u2019\u00e9coute, de m\u00e9moire et d\u2019espoir.<br>C\u2019est un appel \u00e0 la r\u00e9flexion, \u00e0 l\u2019empathie et \u00e0 l\u2019action \u2014 un espace pour r\u00e9 interroger ensemble notre responsabilit\u00e9 collective et individuelle face aux grands bouleversements du monde.<\/p>\r\n\r\n\r\n\r\n<p>\ud83c\udf9f\ufe0f Entr\u00e9e libre<\/p>\r\n\r\n\r\n\r\n<p>\ud83d\udc49 Que vous soyez passionn\u00e9\u00b7e de photographie, sensible aux enjeux humanitaires ou simplement curieux\u00b7se, venez d\u00e9couvrir cette exposition puissante et n\u00e9cessaire. Venez voir, \u00e9couter, ressentir \u2014 et peut-\u00eatre repartir un peu diff\u00e9rent\u00b7e.<\/p>\r\n\r\n\r\n\r\n<p>\ud83d\udcc5&nbsp;<strong>Du 17 juillet au 25 ao\u00fbt 2025<\/strong><br>\ud83d\udccd&nbsp;<strong>Alliance Fran\u00e7aise de La Haye<\/strong><\/p>\r\n\r\n\r\n\r\n<p><\/p>\r\n","protected":false},"excerpt":{"rendered":"<p>Crises humanitaires, conflits arm\u00e9s, d\u00e9placements forc\u00e9s, catastrophes naturelles&#8230;Chaque jour, nous sommes expos\u00e9\u00b7e\u00b7s \u00e0 un flot d\u2019images montrant la souffrance humaine&#8230;<\/p>\n","protected":false},"author":6979,"featured_media":508058,"comment_status":"closed","ping_status":"closed","sticky":false,"template":"","format":"standard","meta":{"_jetpack_memberships_contains_paid_content":false,"footnotes":""},"categories":[2404],"tags":[],"class_list":{"0":"post-508048","1":"post","2":"type-post","3":"status-publish","4":"format-standard","5":"has-post-thumbnail","7":"category-regards-croises"},"jetpack_featured_media_url":"https:\/\/www.aflahaye.nl\/wp-content\/uploads\/2025\/07\/Dialogues-on-Humanity-2.pdf-Instagram-Post-45.png","jetpack_sharing_enabled":true,"menu_order":0,"_links":{"self":[{"href":"https:\/\/www.aflahaye.nl\/nl\/wp-json\/wp\/v2\/posts\/508048","targetHints":{"allow":["GET"]}}],"collection":[{"href":"https:\/\/www.aflahaye.nl\/nl\/wp-json\/wp\/v2\/posts"}],"about":[{"href":"https:\/\/www.aflahaye.nl\/nl\/wp-json\/wp\/v2\/types\/post"}],"author":[{"embeddable":true,"href":"https:\/\/www.aflahaye.nl\/nl\/wp-json\/wp\/v2\/users\/6979"}],"replies":[{"embeddable":true,"href":"https:\/\/www.aflahaye.nl\/nl\/wp-json\/wp\/v2\/comments?post=508048"}],"version-history":[{"count":3,"href":"https:\/\/www.aflahaye.nl\/nl\/wp-json\/wp\/v2\/posts\/508048\/revisions"}],"predecessor-version":[{"id":508064,"href":"https:\/\/www.aflahaye.nl\/nl\/wp-json\/wp\/v2\/posts\/508048\/revisions\/508064"}],"wp:featuredmedia":[{"embeddable":true,"href":"https:\/\/www.aflahaye.nl\/nl\/wp-json\/wp\/v2\/media\/508058"}],"wp:attachment":[{"href":"https:\/\/www.aflahaye.nl\/nl\/wp-json\/wp\/v2\/media?parent=508048"}],"wp:term":[{"taxonomy":"category","embeddable":true,"href":"https:\/\/www.aflahaye.nl\/nl\/wp-json\/wp\/v2\/categories?post=508048"},{"taxonomy":"post_tag","embeddable":true,"href":"https:\/\/www.aflahaye.nl\/nl\/wp-json\/wp\/v2\/tags?post=508048"}],"curies":[{"name":"wp","href":"https:\/\/api.w.org\/{rel}","templated":true}]}}