{"id":508284,"date":"2025-08-26T14:39:57","date_gmt":"2025-08-26T12:39:57","guid":{"rendered":"https:\/\/www.aflahaye.nl\/?p=508284"},"modified":"2026-02-26T16:51:28","modified_gmt":"2026-02-26T15:51:28","slug":"journee-portes-ouvertes-le-samedi-30-aout-2025","status":"publish","type":"post","link":"https:\/\/www.aflahaye.nl\/nl\/journee-portes-ouvertes-le-samedi-30-aout-2025\/","title":{"rendered":"Journ\u00e9e portes ouvertes le samedi 30 ao\u00fbt 2025"},"content":{"rendered":"<div class=\"wpb-content-wrapper\"><p>[vc_row][vc_column][vc_column_text css=&#8221;&#8221;]<\/p>\r\n<p>Toute l\u2019\u00e9quipe de l\u2019Alliance Fran\u00e7aise de La Haye vous souhaite une excellente rentr\u00e9e !<br \/>Pour bien commencer l\u2019ann\u00e9e, nous avons le plaisir de vous inviter \u00e0 <strong>nos Portes Ouvertes<\/strong>, qui auront lieu le <strong>samedi 30 ao\u00fbt 2025<\/strong>.<\/p>\r\n\r\n<p>Au programme :<\/p>\r\n\r\n<p>&nbsp;<\/p>\r\n\r\n<ul class=\"wp-block-list\">\r\n<li style=\"list-style-type: none;\">\r\n<ul class=\"wp-block-list\">\r\n<li><strong>12h00 \u2013 14h00 | Th\u00e9\u00e2tre<\/strong><br \/>Pr\u00e9sentation de notre offre th\u00e9\u00e2tre avec <strong>Pascal Milard<\/strong>.<\/li>\r\n\r\n\r\n\r\n<li><strong>14h00 \u2013 16h00 | Activit\u00e9s &amp; ateliers<\/strong><br \/>\u2192 Rencontres avec nos professeurs<br \/>\u2192 D\u00e9couverte de nos cours<br \/>\u2192 Ateliers d\u00e9couverte<br \/>\u2192 Tests de placement gratuits<\/li>\r\n\r\n\r\n\r\n<li><strong>16h00 | Concert d\u2019adieu<\/strong><br \/>Pour conclure la journ\u00e9e en beaut\u00e9, nous vous invitons au <a href=\"https:\/\/www.aflahaye.nl\/panier-2\/#\/addEvent\/1040\"><strong>concert d\u2019adieu de notre ch\u00e8re Pauline<\/strong> <strong>Geoffroy<\/strong><\/a>.<\/li>\r\n<\/ul>\r\n<\/li>\r\n<\/ul>\r\n\r\n<p>&nbsp;<\/p>\r\n\r\n<p>Une belle occasion de d\u00e9couvrir notre association, nos cours et de partager un moment convivial ensemble.<\/p>\r\n\r\n<p><strong>Inscrivez-vous d\u00e8s maintenant via ce lien<\/strong> : <a href=\"https:\/\/www.aflahaye.nl\/panier-2\/#\/addEvent\/1047\">S\u2019inscrire aux Portes Ouvertes<\/a><\/p>\r\n\r\n<p>Nous avons h\u00e2te de vous retrouver nombreux !<\/p>\r\n\r\n<p>&nbsp;<\/p>\r\n<p><iframe title=\"Portes ouvertes 2025\" src=\"https:\/\/www.youtube.com\/embed\/inUkSuLVwvM\" width=\"464\" height=\"824\" frameborder=\"0\" allowfullscreen=\"allowfullscreen\"><\/iframe>[\/vc_column_text][\/vc_column][\/vc_row]<\/p><\/div>","protected":false},"excerpt":{"rendered":"<p>[vc_row][vc_column][vc_column_text css=&#8221;&#8221;] Toute l\u2019\u00e9quipe de l\u2019Alliance Fran\u00e7aise de La Haye vous souhaite une excellente rentr\u00e9e !Pour bien commencer l\u2019ann\u00e9e, nous&#8230;<\/p>\n","protected":false},"author":6619,"featured_media":508286,"comment_status":"closed","ping_status":"closed","sticky":false,"template":"","format":"standard","meta":{"_jetpack_memberships_contains_paid_content":false,"footnotes":""},"categories":[2421],"tags":[],"class_list":{"0":"post-508284","1":"post","2":"type-post","3":"status-publish","4":"format-standard","5":"has-post-thumbnail","7":"category-vie-de-lalliance"},"jetpack_featured_media_url":"https:\/\/www.aflahaye.nl\/wp-content\/uploads\/2025\/08\/h3w6frf1ixdxzduhpmlc.png","jetpack_sharing_enabled":true,"menu_order":0,"_links":{"self":[{"href":"https:\/\/www.aflahaye.nl\/nl\/wp-json\/wp\/v2\/posts\/508284","targetHints":{"allow":["GET"]}}],"collection":[{"href":"https:\/\/www.aflahaye.nl\/nl\/wp-json\/wp\/v2\/posts"}],"about":[{"href":"https:\/\/www.aflahaye.nl\/nl\/wp-json\/wp\/v2\/types\/post"}],"author":[{"embeddable":true,"href":"https:\/\/www.aflahaye.nl\/nl\/wp-json\/wp\/v2\/users\/6619"}],"replies":[{"embeddable":true,"href":"https:\/\/www.aflahaye.nl\/nl\/wp-json\/wp\/v2\/comments?post=508284"}],"version-history":[{"count":3,"href":"https:\/\/www.aflahaye.nl\/nl\/wp-json\/wp\/v2\/posts\/508284\/revisions"}],"predecessor-version":[{"id":508290,"href":"https:\/\/www.aflahaye.nl\/nl\/wp-json\/wp\/v2\/posts\/508284\/revisions\/508290"}],"wp:featuredmedia":[{"embeddable":true,"href":"https:\/\/www.aflahaye.nl\/nl\/wp-json\/wp\/v2\/media\/508286"}],"wp:attachment":[{"href":"https:\/\/www.aflahaye.nl\/nl\/wp-json\/wp\/v2\/media?parent=508284"}],"wp:term":[{"taxonomy":"category","embeddable":true,"href":"https:\/\/www.aflahaye.nl\/nl\/wp-json\/wp\/v2\/categories?post=508284"},{"taxonomy":"post_tag","embeddable":true,"href":"https:\/\/www.aflahaye.nl\/nl\/wp-json\/wp\/v2\/tags?post=508284"}],"curies":[{"name":"wp","href":"https:\/\/api.w.org\/{rel}","templated":true}]}}