{"id":508586,"date":"2025-10-09T16:47:25","date_gmt":"2025-10-09T14:47:25","guid":{"rendered":"https:\/\/www.aflahaye.nl\/conference-femmes-paix\/"},"modified":"2025-10-09T17:51:11","modified_gmt":"2025-10-09T15:51:11","slug":"conference-femmes-paix","status":"publish","type":"post","link":"https:\/\/www.aflahaye.nl\/nl\/conference-femmes-paix\/","title":{"rendered":"Women &#038; Peace Conference 9-10 december 2025 Peace Palace"},"content":{"rendered":"<p dir=\"ltr\"><img class=\"aligncenter wp-image-508599 size-full\" src=\"https:\/\/www.aflahaye.nl\/wp-content\/uploads\/2025\/10\/Femmes-paix-social-media-launching-2.png\" alt=\"\" width=\"1080\" height=\"1350\" srcset=\"https:\/\/www.aflahaye.nl\/wp-content\/uploads\/2025\/10\/Femmes-paix-social-media-launching-2.png 1080w, https:\/\/www.aflahaye.nl\/wp-content\/uploads\/2025\/10\/Femmes-paix-social-media-launching-2-240x300.png 240w, https:\/\/www.aflahaye.nl\/wp-content\/uploads\/2025\/10\/Femmes-paix-social-media-launching-2-819x1024.png 819w, https:\/\/www.aflahaye.nl\/wp-content\/uploads\/2025\/10\/Femmes-paix-social-media-launching-2-768x960.png 768w\" sizes=\"(max-width: 1080px) 100vw, 1080px\" \/><\/p>\n<p><b><\/b>\u200b<\/p>\n<p><b>Beste Leden,<br \/>\nBeste Vrienden,<\/b><\/p>\n<p>We hebben het genoegen u uit te nodigen voor de\u00a0<b>Conferentie Vrouwen &amp; Vrede<\/b>, die zal plaatsvinden op\u00a0<b>9 en 10 december 2025 in Den Haag<\/b>, op de volgende locaties:<br \/>\n\u200b<\/p>\n<ul data-editing-info=\"{&quot;applyListStyleFromLevel&quot;:true,&quot;unorderedStyleType&quot;:1}\">\n<li>\n<p role=\"presentation\"><b>\u00a0Institute of Social Studies \u2013 Kortenaerkade 12, 2518 AX Den Haag<\/b><b><br \/>\n<\/b><\/p>\n<\/li>\n<li>\n<p role=\"presentation\"><b>Vredespaleis \u2013 Carnegieplein 2, 2517 KJ Den Haag<\/b><\/p>\n<\/li>\n<\/ul>\n<p>Deze conferentie wordt georganiseerd met de steun van de\u00a0<b>Ambassade van Frankrijk in Nederland<\/b>, in samenwerking met de\u00a0<b>Verenigde Naties<\/b>, het\u00a0<b>Institut fran\u00e7ais des Pays-Bas<\/b>, de\u00a0<b>Gemeente Den Haag<\/b>, en verschillende instellingen die zich inzetten voor vrede. Het evenement is een eerbetoon aan\u00a0<b>Bertha VON SUTTNER<\/b>, de eerste vrouw die de\u00a0<b>Nobelprijs voor de Vrede\u00a0<\/b>ontving<b>.<\/b><\/p>\n<p>Het programma omvat\u00a0<b>rondetafelgesprekken<\/b>,\u00a0<b>bijeenkomsten op hoog niveau<\/b>, en de\u00a0<b>uitreiking van de Bertha VON SUTTNER Vredesprijs 2025<\/b>.<\/p>\n<p>Wij zouden vereerd zijn met uw aanwezigheid bij deze internationale bijeenkomst die gewijd is aan de rol van vrouwen in het bevorderen van vrede.<\/p>\n<p>Wij informeren u graag dat\u00a0<b>de inschrijving geopend is van 9 oktober 2025 tot 25 november 2025<\/b>:\u00a0<a title=\"https:\/\/femmesetpaix.org\/\" href=\"https:\/\/femmesetpaix.org\/\" data-outlook-id=\"a9de4b4b-a360-4c5f-8337-7afc0d58a2a2\" data-cke-saved-href=\"https:\/\/femmesetpaix.org\/\" data-auth=\"NotApplicable\" data-linkindex=\"2\">https:\/\/femmesetpaix.org\/<\/a><\/p>\n<p>Schrijf u zo snel mogelijk in, want\u00a0<b>het aantal plaatsen is beperkt<\/b>.<\/p>\n<p>Wij zien ernaar uit u in groten getale te mogen verwelkomen op deze historische bijeenkomst en verblijven,<\/p>\n<p>Met de meeste hoogachting,<\/p>\n<p><b>De heer Richard SCHREURS, Voorzitter<\/b><br \/>\n<b>Mevrouw H\u00e9l\u00e8ne PICHON, Directrice van de Alliance Fran\u00e7aise Den Haag,<br \/>\nCo\u00f6rdinatrice van het netwerk van de Alliances Fran\u00e7aises in Nederland<\/b><\/p>\n<div class='kiosque-aec'><div\n data-module='events'\n data-action='list'\n data-param-default-view-mode='events-list-grid'\n data-param-etablishment-branch-id='1'\n data-param-event-type='79'\n data-param-event-tag-ids=''\n data-param-events-to-show=''\n data-param-lang='nl_NL'><\/div><\/div>\n","protected":false},"excerpt":{"rendered":"<p>\u200b Beste Leden, Beste Vrienden, We hebben het genoegen u uit te nodigen voor de\u00a0Conferentie Vrouwen &amp; Vrede, die zal&#8230;<\/p>\n","protected":false},"author":256,"featured_media":508583,"comment_status":"closed","ping_status":"closed","sticky":false,"template":"","format":"standard","meta":{"_jetpack_memberships_contains_paid_content":false,"footnotes":""},"categories":[2422],"tags":[],"class_list":{"0":"post-508586","1":"post","2":"type-post","3":"status-publish","4":"format-standard","5":"has-post-thumbnail","7":"category-vie-de-lalliance-nl"},"jetpack_featured_media_url":"https:\/\/www.aflahaye.nl\/wp-content\/uploads\/2025\/10\/WhatsApp-Image-2025-10-08-at-14.36.55.jpeg","jetpack_sharing_enabled":true,"menu_order":0,"_links":{"self":[{"href":"https:\/\/www.aflahaye.nl\/nl\/wp-json\/wp\/v2\/posts\/508586","targetHints":{"allow":["GET"]}}],"collection":[{"href":"https:\/\/www.aflahaye.nl\/nl\/wp-json\/wp\/v2\/posts"}],"about":[{"href":"https:\/\/www.aflahaye.nl\/nl\/wp-json\/wp\/v2\/types\/post"}],"author":[{"embeddable":true,"href":"https:\/\/www.aflahaye.nl\/nl\/wp-json\/wp\/v2\/users\/256"}],"replies":[{"embeddable":true,"href":"https:\/\/www.aflahaye.nl\/nl\/wp-json\/wp\/v2\/comments?post=508586"}],"version-history":[{"count":6,"href":"https:\/\/www.aflahaye.nl\/nl\/wp-json\/wp\/v2\/posts\/508586\/revisions"}],"predecessor-version":[{"id":508619,"href":"https:\/\/www.aflahaye.nl\/nl\/wp-json\/wp\/v2\/posts\/508586\/revisions\/508619"}],"wp:featuredmedia":[{"embeddable":true,"href":"https:\/\/www.aflahaye.nl\/nl\/wp-json\/wp\/v2\/media\/508583"}],"wp:attachment":[{"href":"https:\/\/www.aflahaye.nl\/nl\/wp-json\/wp\/v2\/media?parent=508586"}],"wp:term":[{"taxonomy":"category","embeddable":true,"href":"https:\/\/www.aflahaye.nl\/nl\/wp-json\/wp\/v2\/categories?post=508586"},{"taxonomy":"post_tag","embeddable":true,"href":"https:\/\/www.aflahaye.nl\/nl\/wp-json\/wp\/v2\/tags?post=508586"}],"curies":[{"name":"wp","href":"https:\/\/api.w.org\/{rel}","templated":true}]}}