{"id":512306,"date":"2026-04-28T17:16:27","date_gmt":"2026-04-28T15:16:27","guid":{"rendered":"https:\/\/www.aflahaye.nl\/electre-laatste-toon-van-de-trilogie-6-7-en-8-mei-2026\/"},"modified":"2026-04-28T17:28:51","modified_gmt":"2026-04-28T15:28:51","slug":"electre-laatste-toon-van-de-trilogie-6-7-en-8-mei-2026","status":"publish","type":"post","link":"https:\/\/www.aflahaye.nl\/nl\/electre-laatste-toon-van-de-trilogie-6-7-en-8-mei-2026\/","title":{"rendered":"ELECTRE \u2013 LAATSTE TOON VAN DE TRILOGIE: 6, 7 en 8 MEI 2026"},"content":{"rendered":"<h3>IMMERSE ZELF IN DE LAATSTE HANDELING VAN DE GRIEKSE TRAGEDIE IN MEI<\/h3>\n<p>n mei sluit het Th\u00e9\u00e2tre de l&#8217;Avalanche zijn uitzonderlijke trilogie af met <strong>\u00c9lectre<\/strong>, het laatste deel van Tiago Rodrigues &#8216;moderne bewerking van de grote klassiekers van de Griekse tragedie. Drie avonden in het Laaktheater in Den Haag om getuige te zijn van de ontknoping van de Atrides-cyclus, tussen wraak, herinnering en lot. \u2694\ufe0f<\/p>\n<p>\ud83d\uddd3 <strong>Datums<\/strong> : <em>woensdag 6, donderdag 7 en vrijdag 8 mei 2026<\/em><br \/>\ud83d\udd62 <strong>Invoer<\/strong> : 19:30 uur \u2013 <strong>Start <\/strong>: <em>20:00 uur (einde gepland om 21:30 uur)<\/em><br \/>\ud83d\udccd <strong>Locatie<\/strong> : Laaktheater, Ferrandweg 4-T, 2523 XT Den Haag<\/p>\n<p>Na de moord op <strong>Agamemnon<\/strong> vraagt bloed nog steeds om bloed. In <strong>\u00c9lectre<\/strong> bereikt de vloek van de Atrides zijn breekpunt.<\/p>\n<p>\u00c9lectre wacht maar op \u00e9\u00e9n ding: de terugkeer van zijn broer Oreste, drager van een gerechtigheid die heen en weer slingert tussen herstel en nieuw geweld. Maar kan in een wereld die al is gebroken door oorlog en wraak, gerechtigheid nog steeds bestaan zonder alles te vernietigen?<\/p>\n<p>Tussen gezinsgeheugen, intieme woede en onverzoenlijke bestemming, stelt deze ultieme tragedie vraag wat er overblijft als de bloedspiraal alles heeft weggenomen.<\/p>\n<p>Dit laatste stuk sluit een krachtige trilogie :<\/p>\n<p><strong>Iphig\u00e9nie<\/strong> opende de cyclus, <strong>Agamemnon<\/strong> onthulde het centrale geweld en <strong>\u00c9lectre<\/strong> signaleerde het uiteindelijke resultaat.<br \/>Elke show is onafhankelijk te zien, maar samen volgen ze de hele vloek van de Atrides.<\/p>\n<p data-start=\"973\" data-end=\"1121\"><img class=\"aligncenter wp-image-512300 \" src=\"https:\/\/www.aflahaye.nl\/wp-content\/uploads\/2026\/04\/os9rpfwxcptvzcuchdby.jpg\" alt=\"\" width=\"229\" height=\"324\" data-mce-src=\"https:\/\/www.aflahaye.nl\/wp-content\/uploads\/2026\/04\/os9rpfwxcptvzcuchdby.jpg\" srcset=\"https:\/\/www.aflahaye.nl\/wp-content\/uploads\/2026\/04\/os9rpfwxcptvzcuchdby.jpg 848w, https:\/\/www.aflahaye.nl\/wp-content\/uploads\/2026\/04\/os9rpfwxcptvzcuchdby-212x300.jpg 212w, https:\/\/www.aflahaye.nl\/wp-content\/uploads\/2026\/04\/os9rpfwxcptvzcuchdby-724x1024.jpg 724w, https:\/\/www.aflahaye.nl\/wp-content\/uploads\/2026\/04\/os9rpfwxcptvzcuchdby-768x1087.jpg 768w\" sizes=\"(max-width: 229px) 100vw, 229px\" \/><\/p>\n<h3 data-start=\"973\" data-end=\"1121\"><span class=\"context-results__info-main\" dir=\"ltr\"><span class=\"context-results__translation\" dir=\"ltr\">praktische informatie<\/span><\/span><\/h3>\n<p><strong>Publiek :<\/strong> alle doelgroepen (sommige thema&#8217;s kunnen kinderen onder de 10 jaar beledigen)<br \/><strong>Taal :<\/strong> show in het Frans<br \/><strong>Duur :<\/strong> ongeveer 1u30<\/p>\n<h3>Tarieven :<\/h3>\n<ul>\n<li>\u20ac20 \/ show-<\/li>\n<li>\u20ac15 voor onder de 25 jaar<\/li>\n<li>Mogelijke reductie voor groepen van 10 of meer personen\n<\/li>\n<\/ul>\n<p>[vc_column_text css=&#8221;&#8221;]<\/p>\n<div class='kiosque-aec'><div\n data-module='events'\n data-action='list'\n data-param-detail_link=''\n data-param-event-type='83'\n data-param-event-url=''\n data-param-lang='nl_NL'><\/div><\/div>\n<p>[\/vc_column_text]<\/p>\n<p>\ud83d\udc49 Neem voor elke boeking met korting (jonger dan 25 jaar, trilogie of groepen) rechtstreeks contact op met de Alliance Fran\u00e7aise van Den Haag.<\/p>\n<p>\u2728 \u00c9lectre markeert het einde van een intense tragische cyclus: een ultieme duik in het hart van de Griekse mythen die opnieuw worden bekeken door het Th\u00e9\u00e2tre de l&#8217;Avalanche.<\/p>\n","protected":false},"excerpt":{"rendered":"<p>IMMERSE ZELF IN DE LAATSTE HANDELING VAN DE GRIEKSE TRAGEDIE IN MEI n mei sluit het Th\u00e9\u00e2tre de l&#8217;Avalanche zijn&#8230;<\/p>\n","protected":false},"author":7000,"featured_media":512301,"comment_status":"closed","ping_status":"closed","sticky":false,"template":"","format":"standard","meta":{"_jetpack_memberships_contains_paid_content":false,"footnotes":""},"categories":[2433,2422],"tags":[],"class_list":{"0":"post-512306","1":"post","2":"type-post","3":"status-publish","4":"format-standard","5":"has-post-thumbnail","7":"category-une-nl","8":"category-vie-de-lalliance-nl"},"jetpack_featured_media_url":"https:\/\/www.aflahaye.nl\/wp-content\/uploads\/2026\/04\/os9rpfwxcptvzcuchdby.jpg","jetpack_sharing_enabled":true,"menu_order":0,"_links":{"self":[{"href":"https:\/\/www.aflahaye.nl\/nl\/wp-json\/wp\/v2\/posts\/512306","targetHints":{"allow":["GET"]}}],"collection":[{"href":"https:\/\/www.aflahaye.nl\/nl\/wp-json\/wp\/v2\/posts"}],"about":[{"href":"https:\/\/www.aflahaye.nl\/nl\/wp-json\/wp\/v2\/types\/post"}],"author":[{"embeddable":true,"href":"https:\/\/www.aflahaye.nl\/nl\/wp-json\/wp\/v2\/users\/7000"}],"replies":[{"embeddable":true,"href":"https:\/\/www.aflahaye.nl\/nl\/wp-json\/wp\/v2\/comments?post=512306"}],"version-history":[{"count":5,"href":"https:\/\/www.aflahaye.nl\/nl\/wp-json\/wp\/v2\/posts\/512306\/revisions"}],"predecessor-version":[{"id":512311,"href":"https:\/\/www.aflahaye.nl\/nl\/wp-json\/wp\/v2\/posts\/512306\/revisions\/512311"}],"wp:featuredmedia":[{"embeddable":true,"href":"https:\/\/www.aflahaye.nl\/nl\/wp-json\/wp\/v2\/media\/512301"}],"wp:attachment":[{"href":"https:\/\/www.aflahaye.nl\/nl\/wp-json\/wp\/v2\/media?parent=512306"}],"wp:term":[{"taxonomy":"category","embeddable":true,"href":"https:\/\/www.aflahaye.nl\/nl\/wp-json\/wp\/v2\/categories?post=512306"},{"taxonomy":"post_tag","embeddable":true,"href":"https:\/\/www.aflahaye.nl\/nl\/wp-json\/wp\/v2\/tags?post=512306"}],"curies":[{"name":"wp","href":"https:\/\/api.w.org\/{rel}","templated":true}]}}